{"id":10,"date":"2019-02-21T20:16:33","date_gmt":"2019-02-21T20:16:33","guid":{"rendered":"http:\/\/www.experiencia.vet\/blog\/?p=10"},"modified":"2019-06-24T17:35:42","modified_gmt":"2019-06-24T17:35:42","slug":"complejo-respiratorio-bovino-crb","status":"publish","type":"post","link":"https:\/\/www.experiencia.vet\/blog\/rumiantes\/complejo-respiratorio-bovino-crb\/","title":{"rendered":"Complejo Respiratorio Bovino (CRB)"},"content":{"rendered":"\n<p style=\"font-size:15.5px\">Neumon\u00eda, bronconeumon\u00eda, fiebre del transporte, pasteurelosis neum\u00f3nica, pleuroneumon\u00eda fibrinosa, rinitis, traque\u00edtis y bronquitis.<br>El Complejo Respiratorio Bovino es una de las tres principales causas de desecho en bovinos, por lo que toma una importante relevancia su diagn\u00f3stico y tratamiento oportuno para evitar la cronicidad de las enfermedades, la disminuci\u00f3n en la producci\u00f3n, la muerte de animales, los gastos en medicamentos y M\u00e9dicos Veterinarios (Galyean y Perino, 1999).<\/p>\n\n\n\n<p style=\"font-size:15.5px\">El Complejo Respiratorio Bovino (CRB), es un conjunto de signos cl\u00ednicos que se caracterizan por depresi\u00f3n, inapetencia, fiebre, tos, descarga nasal y dificultad para respirar. Se pueden afectar las v\u00edas respiratorias bajas, es decir, a los pulmones (neumon\u00eda) o a las v\u00edas respiratorias altas (rinitis, traque\u00edtis, bronquitis) (Ju\u00e1rez <em>et al<\/em>., 2003). En su desarrollo intervienen agentes infecciosos que junto con otros factores, afectan el sistema inmune. Se producen con m\u00e1s intensidad en animales j\u00f3venes, desde la primera semana de vida, hasta los 2 a\u00f1os de edad (Contreras, 2005).<\/p>\n\n\n\n<p style=\"font-size:15.5px\">El CRB es causado por m\u00faltiples factores bacterianos y v\u00edricos, adem\u00e1s de causas o factores no infecciosos como son: anatomofisiol\u00f3gicos, parasitismo, desnutrici\u00f3n, estr\u00e9s y baja de defensas.<\/p>\n\n\n\n<p style=\"font-size:15.5px\">Dentro de los microorganismos que causan el CRB se encuentran involucrados con m\u00e1s frecuencia agentes v\u00edricos como virus sincitial respiratorio bovino, parainfluenza 3, adenovirus BVDV, BHV1 y bacterianos como <em>Pasteurella multocida<\/em>, <em>Mannheimia haemolytica<\/em>, as\u00ed como mic\u00f3ticos como <em>Mycoplasma bovis<\/em>, \u00e9stos pueden interactuar entre ellos con una reacci\u00f3n inflamatoria o al\u00e9rgica desencadenando la sintomatolog\u00eda del s\u00edndrome (Contreras, 2005).<\/p>\n\n\n\n<p style=\"font-size:15.5px\"><strong>Factores anatomofisiol\u00f3gicos predisponentes para el CRB<\/strong><br>Los bovinos est\u00e1n en total desventaja comparativamente con otras especies animales en cuanto a su capacidad respiratoria. Se ha determinado una serie de diferencias que predisponen a los bovinos a padecer con mayor facilidad el (CRB) (Contreras, 2005).<\/p>\n\n\n\n<p style=\"font-size:15.5px\">Entre estos factores predisponentes se encuentran:<\/p>\n\n\n\n<p style=\"font-size:15.5px\"><strong>Pleura poco distensible:<\/strong> La pleura del pulm\u00f3n del bovino es m\u00e1s gruesa que la de otras especies animales, lo que la hace menos distensible y por lo tanto se requiere de un mayor esfuerzo para captar un volumen determinado de aire (Contreras, 2005).<\/p>\n\n\n\n<p style=\"font-size:15.5px\"><strong>Pulmones peque\u00f1os:<\/strong> La proporci\u00f3n del tama\u00f1o del pulm\u00f3n con relaci\u00f3n al peso corporal del bovino es menor comparativamente que la que se obtiene en otras especies, por ejemplo un bovino de 300 kg tiene pulmones m\u00e1s peque\u00f1os que un equino del mismo peso y lo mismo ocurre con el cerdo. El resultado de lo anterior es que se necesita un esfuerzo extra para oxigenar el mismo volumen corporal (Contreras, 2005).<\/p>\n\n\n\n<p style=\"font-size:15.5px\"><strong>Angulo traqueobronquial: <\/strong>La uni\u00f3n de la tr\u00e1quea con los bronquios en el caso del bovino es casi en \u00e1ngulo recto, lo que ocasiona que las secreciones se acumulen en este punto, ocasionando una obstrucci\u00f3n y dificultad tanto para respirar como para expectorar. Es com\u00fan observar en animales que murieron de neumon\u00eda un tap\u00f3n de secreci\u00f3n en esta zona anat\u00f3mica (Contreras, 2005).<\/p>\n\n\n\n<p style=\"font-size:15.5px\"><strong>Menor n\u00famero de macr\u00f3fagos alveolares: <\/strong>Comparativamente con otras especies existe un menor n\u00famero de macr\u00f3fagos alveolares en el pulm\u00f3n del bovino, lo que representa una menor capacidad defensiva ante el ataque de g\u00e9rmenes pat\u00f3genos (Contreras, 2005).<\/p>\n\n\n\n<p style=\"font-size:15.5px\"><strong>Menor presi\u00f3n para el intercambio gaseoso:<\/strong> A nivel alveolar para el intercambio de oxigenaci\u00f3n en la mayor\u00eda de las especies la presi\u00f3n gaseosa es de 95mm Hg, mientras que en el bovino es de 85mm Hg, es decir 10mm menos que son necesarios para una mejor oxigenaci\u00f3n. Todas estas caracter\u00edsticas propias de la anatom\u00eda y funcionamiento del pulm\u00f3n del bovino son normales para esta especie, pero lo hacen m\u00e1s susceptible a los problemas respiratorios (Contreras, 2005).<\/p>\n\n\n\n<p style=\"font-size:15.5px\">Los factores de estr\u00e9s que contribuyen al problema incluyen agotamiento, debilidad f\u00edsica, deshidrataci\u00f3n a menudo como resultado del transporte, destete, cambios en la dieta, castraci\u00f3n, descorne, sobrepoblaci\u00f3n, enfriamiento y reuni\u00f3n de ganado de diferentes or\u00edgenes (Ju\u00e1rez <em>et al<\/em>., 2003).<br>A pesar de que existe una gran variedad de antimicrobianos para tratar este padecimiento y una gama amplia de biol\u00f3gicos para prevenirlo, contin\u00faa causando serios problemas en la ganader\u00eda. De tal forma que si se presenta el CRB se tiene que combatir con antibi\u00f3ticos y con otros medicamentos que ayuden a desinflamar el tejido pulmonar, as\u00ed como quitar dolor y bajar la fiebre. <strong>Aranda Salud Animal<\/strong> tiene varias alternativas terap\u00e9uticas para tratar este tipo de problemas, como tratamiento antibi\u00f3tico contamos con: <strong>Tilmistop 30<\/strong> (tilmicosina 30%), antibi\u00f3tico espec\u00edfico para tratar el Complejo Respiratorio Bovino.<\/p>\n\n\n\n<p style=\"font-size:10.5px\">Bibliograf\u00eda:<br>Contreras B. Complejo Respiratorio Bovino. Manual de Ganader\u00eda doble prop\u00f3sito. Barquisimeto Venezuela Universidad Centro Occidental. 2005. Galyean M.L, Perino L.J, Interaction of cattle helth,inmunity and nutrition. J. Anim. Sci. 1999; 77, 1120-1134. Juarez B.F. Trigo F J, Chavez G.G. Vargas R.G. Identificaci\u00f3n de agentes virales por inmunohistoquimica en enfermedades respiratorias de bovinos en corral de engorda. Veterinaria M\u00e9xico, 2003.<\/p>\n","protected":false},"excerpt":{"rendered":"<p>El Complejo Respiratorio Bovino es una de las tres principales causas de desecho en bovinos, por lo que toma una importante relevancia su diagn\u00f3stico y tratamiento oportuno para evitar la cronicidad de las enfermedades, la disminuci\u00f3n en la producci\u00f3n, la muerte de animales&#8230;<\/p>\n","protected":false},"author":1,"featured_media":28,"comment_status":"closed","ping_status":"closed","sticky":false,"template":"","format":"standard","meta":[],"categories":[7],"tags":[6],"yoast_head":"<!-- This site is optimized with the Yoast SEO plugin v17.7.1 - https:\/\/yoast.com\/wordpress\/plugins\/seo\/ -->\n<title>Complejo Respiratorio Bovino (CRB) - Experiencia Veterinaria<\/title>\n<meta name=\"robots\" content=\"index, follow, max-snippet:-1, max-image-preview:large, max-video-preview:-1\" \/>\n<link rel=\"canonical\" href=\"https:\/\/www.experiencia.vet\/blog\/rumiantes\/complejo-respiratorio-bovino-crb\/\" \/>\n<meta property=\"og:locale\" content=\"es_MX\" \/>\n<meta property=\"og:type\" content=\"article\" \/>\n<meta property=\"og:title\" content=\"Complejo Respiratorio Bovino (CRB) - Experiencia Veterinaria\" \/>\n<meta property=\"og:description\" content=\"El Complejo Respiratorio Bovino es una de las tres principales causas de desecho en bovinos, por lo que toma una importante relevancia su diagn\u00f3stico y tratamiento oportuno para evitar la cronicidad de las enfermedades, la disminuci\u00f3n en la producci\u00f3n, la muerte de animales...\" \/>\n<meta property=\"og:url\" content=\"https:\/\/www.experiencia.vet\/blog\/rumiantes\/complejo-respiratorio-bovino-crb\/\" \/>\n<meta property=\"og:site_name\" content=\"Experiencia Veterinaria\" \/>\n<meta property=\"article:published_time\" content=\"2019-02-21T20:16:33+00:00\" \/>\n<meta property=\"article:modified_time\" content=\"2019-06-24T17:35:42+00:00\" \/>\n<meta property=\"og:image\" content=\"https:\/\/www.experiencia.vet\/blog\/wp-content\/uploads\/2019\/01\/bulls-219952.jpg\" \/>\n\t<meta property=\"og:image:width\" content=\"1920\" \/>\n\t<meta property=\"og:image:height\" content=\"1277\" \/>\n<meta name=\"twitter:card\" content=\"summary_large_image\" \/>\n<meta name=\"twitter:label1\" content=\"Escrito por\" \/>\n\t<meta name=\"twitter:data1\" content=\"admin\" \/>\n\t<meta name=\"twitter:label2\" content=\"Tiempo de lectura\" \/>\n\t<meta name=\"twitter:data2\" content=\"4 minutos\" \/>\n<script type=\"application\/ld+json\" class=\"yoast-schema-graph\">{\"@context\":\"https:\/\/schema.org\",\"@graph\":[{\"@type\":\"WebSite\",\"@id\":\"https:\/\/www.experiencia.vet\/blog\/#website\",\"url\":\"https:\/\/www.experiencia.vet\/blog\/\",\"name\":\"Experiencia Veterinaria\",\"description\":\"Salud Animal\",\"potentialAction\":[{\"@type\":\"SearchAction\",\"target\":{\"@type\":\"EntryPoint\",\"urlTemplate\":\"https:\/\/www.experiencia.vet\/blog\/?s={search_term_string}\"},\"query-input\":\"required name=search_term_string\"}],\"inLanguage\":\"es-MX\"},{\"@type\":\"ImageObject\",\"@id\":\"https:\/\/www.experiencia.vet\/blog\/rumiantes\/complejo-respiratorio-bovino-crb\/#primaryimage\",\"inLanguage\":\"es-MX\",\"url\":\"https:\/\/www.experiencia.vet\/blog\/wp-content\/uploads\/2019\/01\/bulls-219952.jpg\",\"contentUrl\":\"https:\/\/www.experiencia.vet\/blog\/wp-content\/uploads\/2019\/01\/bulls-219952.jpg\",\"width\":1920,\"height\":1277},{\"@type\":\"WebPage\",\"@id\":\"https:\/\/www.experiencia.vet\/blog\/rumiantes\/complejo-respiratorio-bovino-crb\/#webpage\",\"url\":\"https:\/\/www.experiencia.vet\/blog\/rumiantes\/complejo-respiratorio-bovino-crb\/\",\"name\":\"Complejo Respiratorio Bovino (CRB) - Experiencia Veterinaria\",\"isPartOf\":{\"@id\":\"https:\/\/www.experiencia.vet\/blog\/#website\"},\"primaryImageOfPage\":{\"@id\":\"https:\/\/www.experiencia.vet\/blog\/rumiantes\/complejo-respiratorio-bovino-crb\/#primaryimage\"},\"datePublished\":\"2019-02-21T20:16:33+00:00\",\"dateModified\":\"2019-06-24T17:35:42+00:00\",\"author\":{\"@id\":\"https:\/\/www.experiencia.vet\/blog\/#\/schema\/person\/4a43c74e3dc9a07bc51fee056a8a276a\"},\"breadcrumb\":{\"@id\":\"https:\/\/www.experiencia.vet\/blog\/rumiantes\/complejo-respiratorio-bovino-crb\/#breadcrumb\"},\"inLanguage\":\"es-MX\",\"potentialAction\":[{\"@type\":\"ReadAction\",\"target\":[\"https:\/\/www.experiencia.vet\/blog\/rumiantes\/complejo-respiratorio-bovino-crb\/\"]}]},{\"@type\":\"BreadcrumbList\",\"@id\":\"https:\/\/www.experiencia.vet\/blog\/rumiantes\/complejo-respiratorio-bovino-crb\/#breadcrumb\",\"itemListElement\":[{\"@type\":\"ListItem\",\"position\":1,\"name\":\"Inicio\",\"item\":\"https:\/\/www.experiencia.vet\/blog\/\"},{\"@type\":\"ListItem\",\"position\":2,\"name\":\"Complejo Respiratorio Bovino (CRB)\"}]},{\"@type\":\"Person\",\"@id\":\"https:\/\/www.experiencia.vet\/blog\/#\/schema\/person\/4a43c74e3dc9a07bc51fee056a8a276a\",\"name\":\"admin\",\"image\":{\"@type\":\"ImageObject\",\"@id\":\"https:\/\/www.experiencia.vet\/blog\/#personlogo\",\"inLanguage\":\"es-MX\",\"url\":\"https:\/\/secure.gravatar.com\/avatar\/c5e89d2971e6bf3598a79ce870c646ff?s=96&r=g\",\"contentUrl\":\"https:\/\/secure.gravatar.com\/avatar\/c5e89d2971e6bf3598a79ce870c646ff?s=96&r=g\",\"caption\":\"admin\"},\"url\":\"https:\/\/www.experiencia.vet\/blog\/author\/admin\/\"}]}<\/script>\n<!-- \/ Yoast SEO plugin. -->","yoast_head_json":{"title":"Complejo Respiratorio Bovino (CRB) - Experiencia Veterinaria","robots":{"index":"index","follow":"follow","max-snippet":"max-snippet:-1","max-image-preview":"max-image-preview:large","max-video-preview":"max-video-preview:-1"},"canonical":"https:\/\/www.experiencia.vet\/blog\/rumiantes\/complejo-respiratorio-bovino-crb\/","og_locale":"es_MX","og_type":"article","og_title":"Complejo Respiratorio Bovino (CRB) - Experiencia Veterinaria","og_description":"El Complejo Respiratorio Bovino es una de las tres principales causas de desecho en bovinos, por lo que toma una importante relevancia su diagn\u00f3stico y tratamiento oportuno para evitar la cronicidad de las enfermedades, la disminuci\u00f3n en la producci\u00f3n, la muerte de animales...","og_url":"https:\/\/www.experiencia.vet\/blog\/rumiantes\/complejo-respiratorio-bovino-crb\/","og_site_name":"Experiencia Veterinaria","article_published_time":"2019-02-21T20:16:33+00:00","article_modified_time":"2019-06-24T17:35:42+00:00","og_image":[{"width":1920,"height":1277,"url":"https:\/\/www.experiencia.vet\/blog\/wp-content\/uploads\/2019\/01\/bulls-219952.jpg","type":"image\/jpeg"}],"twitter_card":"summary_large_image","twitter_misc":{"Escrito por":"admin","Tiempo de lectura":"4 minutos"},"schema":{"@context":"https:\/\/schema.org","@graph":[{"@type":"WebSite","@id":"https:\/\/www.experiencia.vet\/blog\/#website","url":"https:\/\/www.experiencia.vet\/blog\/","name":"Experiencia Veterinaria","description":"Salud Animal","potentialAction":[{"@type":"SearchAction","target":{"@type":"EntryPoint","urlTemplate":"https:\/\/www.experiencia.vet\/blog\/?s={search_term_string}"},"query-input":"required name=search_term_string"}],"inLanguage":"es-MX"},{"@type":"ImageObject","@id":"https:\/\/www.experiencia.vet\/blog\/rumiantes\/complejo-respiratorio-bovino-crb\/#primaryimage","inLanguage":"es-MX","url":"https:\/\/www.experiencia.vet\/blog\/wp-content\/uploads\/2019\/01\/bulls-219952.jpg","contentUrl":"https:\/\/www.experiencia.vet\/blog\/wp-content\/uploads\/2019\/01\/bulls-219952.jpg","width":1920,"height":1277},{"@type":"WebPage","@id":"https:\/\/www.experiencia.vet\/blog\/rumiantes\/complejo-respiratorio-bovino-crb\/#webpage","url":"https:\/\/www.experiencia.vet\/blog\/rumiantes\/complejo-respiratorio-bovino-crb\/","name":"Complejo Respiratorio Bovino (CRB) - Experiencia Veterinaria","isPartOf":{"@id":"https:\/\/www.experiencia.vet\/blog\/#website"},"primaryImageOfPage":{"@id":"https:\/\/www.experiencia.vet\/blog\/rumiantes\/complejo-respiratorio-bovino-crb\/#primaryimage"},"datePublished":"2019-02-21T20:16:33+00:00","dateModified":"2019-06-24T17:35:42+00:00","author":{"@id":"https:\/\/www.experiencia.vet\/blog\/#\/schema\/person\/4a43c74e3dc9a07bc51fee056a8a276a"},"breadcrumb":{"@id":"https:\/\/www.experiencia.vet\/blog\/rumiantes\/complejo-respiratorio-bovino-crb\/#breadcrumb"},"inLanguage":"es-MX","potentialAction":[{"@type":"ReadAction","target":["https:\/\/www.experiencia.vet\/blog\/rumiantes\/complejo-respiratorio-bovino-crb\/"]}]},{"@type":"BreadcrumbList","@id":"https:\/\/www.experiencia.vet\/blog\/rumiantes\/complejo-respiratorio-bovino-crb\/#breadcrumb","itemListElement":[{"@type":"ListItem","position":1,"name":"Inicio","item":"https:\/\/www.experiencia.vet\/blog\/"},{"@type":"ListItem","position":2,"name":"Complejo Respiratorio Bovino (CRB)"}]},{"@type":"Person","@id":"https:\/\/www.experiencia.vet\/blog\/#\/schema\/person\/4a43c74e3dc9a07bc51fee056a8a276a","name":"admin","image":{"@type":"ImageObject","@id":"https:\/\/www.experiencia.vet\/blog\/#personlogo","inLanguage":"es-MX","url":"https:\/\/secure.gravatar.com\/avatar\/c5e89d2971e6bf3598a79ce870c646ff?s=96&r=g","contentUrl":"https:\/\/secure.gravatar.com\/avatar\/c5e89d2971e6bf3598a79ce870c646ff?s=96&r=g","caption":"admin"},"url":"https:\/\/www.experiencia.vet\/blog\/author\/admin\/"}]}},"_links":{"self":[{"href":"https:\/\/www.experiencia.vet\/blog\/wp-json\/wp\/v2\/posts\/10"}],"collection":[{"href":"https:\/\/www.experiencia.vet\/blog\/wp-json\/wp\/v2\/posts"}],"about":[{"href":"https:\/\/www.experiencia.vet\/blog\/wp-json\/wp\/v2\/types\/post"}],"author":[{"embeddable":true,"href":"https:\/\/www.experiencia.vet\/blog\/wp-json\/wp\/v2\/users\/1"}],"replies":[{"embeddable":true,"href":"https:\/\/www.experiencia.vet\/blog\/wp-json\/wp\/v2\/comments?post=10"}],"version-history":[{"count":3,"href":"https:\/\/www.experiencia.vet\/blog\/wp-json\/wp\/v2\/posts\/10\/revisions"}],"predecessor-version":[{"id":31,"href":"https:\/\/www.experiencia.vet\/blog\/wp-json\/wp\/v2\/posts\/10\/revisions\/31"}],"wp:featuredmedia":[{"embeddable":true,"href":"https:\/\/www.experiencia.vet\/blog\/wp-json\/wp\/v2\/media\/28"}],"wp:attachment":[{"href":"https:\/\/www.experiencia.vet\/blog\/wp-json\/wp\/v2\/media?parent=10"}],"wp:term":[{"taxonomy":"category","embeddable":true,"href":"https:\/\/www.experiencia.vet\/blog\/wp-json\/wp\/v2\/categories?post=10"},{"taxonomy":"post_tag","embeddable":true,"href":"https:\/\/www.experiencia.vet\/blog\/wp-json\/wp\/v2\/tags?post=10"}],"curies":[{"name":"wp","href":"https:\/\/api.w.org\/{rel}","templated":true}]}}