{"id":179,"date":"2020-07-24T22:40:13","date_gmt":"2020-07-24T22:40:13","guid":{"rendered":"http:\/\/www.experiencia.vet\/blog\/?p=179"},"modified":"2020-07-24T22:40:13","modified_gmt":"2020-07-24T22:40:13","slug":"razas-caninas-predispuestas-a-problemas-respiratorios","status":"publish","type":"post","link":"https:\/\/www.experiencia.vet\/blog\/pequenas-especies\/razas-caninas-predispuestas-a-problemas-respiratorios\/","title":{"rendered":"Razas caninas predispuestas a problemas respiratorios"},"content":{"rendered":"\n<p>El Bulldog ingl\u00e9s y franc\u00e9s, B\u00f3xer, Boston terrier, Pug o\nincluso el Pequin\u00e9s son algunas de las razas de perro que tienen una gran\npopularidad como animales de compa\u00f1\u00eda y que, a pesar de tener cada uno caracter\u00edsticas\nparticulares guardan un curioso aspecto: una cabeza casi cuadrada que contiene huesos\nnasales cortos con relaci\u00f3n a los de otras razas. <\/p>\n\n\n\n<figure class=\"wp-block-image\"><img loading=\"lazy\" width=\"1024\" height=\"683\" src=\"http:\/\/www.experiencia.vet\/blog\/wp-content\/uploads\/2020\/07\/pekinese-2681535_1920-1024x683.jpg\" alt=\"\" class=\"wp-image-181\" srcset=\"https:\/\/www.experiencia.vet\/blog\/wp-content\/uploads\/2020\/07\/pekinese-2681535_1920-1024x683.jpg 1024w, https:\/\/www.experiencia.vet\/blog\/wp-content\/uploads\/2020\/07\/pekinese-2681535_1920-300x200.jpg 300w, https:\/\/www.experiencia.vet\/blog\/wp-content\/uploads\/2020\/07\/pekinese-2681535_1920-768x512.jpg 768w, https:\/\/www.experiencia.vet\/blog\/wp-content\/uploads\/2020\/07\/pekinese-2681535_1920-1568x1046.jpg 1568w, https:\/\/www.experiencia.vet\/blog\/wp-content\/uploads\/2020\/07\/pekinese-2681535_1920.jpg 1920w\" sizes=\"(max-width: 1024px) 100vw, 1024px\" \/><\/figure>\n\n\n\n<p>Debido a estas caracter\u00edsticas f\u00edsicas y fisiol\u00f3gicas estos\nperros tienen un mayor riesgo de padecer problemas respiratorios y golpes de calor,\nal no poder controlar su propia temperatura corporal a trav\u00e9s de la\nrespiraci\u00f3n. Desafortunadamente este tipo de problemas y su metabolismo lo\npredisponen a vivir menos tiempo que otras razas caninas. <\/p>\n\n\n\n<p>A este tipo de perros de cr\u00e1neo cuadrado y hocico corto se\nles denomina braquic\u00e9falos. Todo tutor de este tipo de perros debe conocer las\nenfermedades que pudieran presentar y as\u00ed brindarle todos los cuidados\npertinentes para mejorar su calidad de vida.<\/p>\n\n\n\n<p>La dificultad para respirar, as\u00ed como el exceso de ronquidos\ny de jadeos son rasgos habituales de estas razas caninas; sin embargo, se debe\nponer especial atenci\u00f3n a estas peculiaridades, ya que podr\u00edan ser signos de\nenfermedades respiratorias importantes. Si tu perro \u201cchato\u201d tuviera alguno de\nlos siguientes signos no dudes en llevarlo de inmediato con su M\u00e9dico\nVeterinario: <\/p>\n\n\n\n<ul><li>Respiraci\u00f3n fuerte y ruidosa<\/li><li>Enc\u00edas de color azul<\/li><li>Problemas para caminar e intolerancia al\nejercicio<\/li><li>Cansancio<\/li><li>Reflujos de alimentos<\/li><li>Tos y estornudos<\/li><li>Salivaci\u00f3n excesiva, blanca o espumosa<\/li><li>Dificultad para tragar<\/li><li>Fatiga<\/li><li>Ronquidos y jadeos excesivos, aun estando\ndormido<\/li><\/ul>\n\n\n\n<p>Los meses de primavera y verano son especialmente complicados\npara los perros braquic\u00e9falos, por la temperatura y por las alergias,\nprincipalmente al polen o medio ambiente en general. Por esta situaci\u00f3n debemos\nevitar que jueguen y realice ejercicio en las horas m\u00e1s calurosas del d\u00eda,\nasegurarnos de que se encuentren perfectamente hidratados con agua fresca y\nlimpia (nunca fr\u00eda) y mantenle alejado de los espacios poco ventilados, como el\ninterior de un autom\u00f3vil o en una habitaci\u00f3n cerrada. Una recomendaci\u00f3n\nadicional en el cuidado de estas razas, al ser propensas a los golpes de calor,\nes recomendable evitar que estos perros no presenten sobrepeso, ya que se\nesforzar\u00e1n m\u00e1s al mover su propio cuerpo, provoc\u00e1ndole m\u00e1s fatiga y dificultad\nrespiratoria.<\/p>\n\n\n\n<figure class=\"wp-block-image\"><img loading=\"lazy\" width=\"1024\" height=\"683\" src=\"http:\/\/www.experiencia.vet\/blog\/wp-content\/uploads\/2020\/07\/pug-4314106_1920-1024x683.jpg\" alt=\"\" class=\"wp-image-180\" srcset=\"https:\/\/www.experiencia.vet\/blog\/wp-content\/uploads\/2020\/07\/pug-4314106_1920-1024x683.jpg 1024w, https:\/\/www.experiencia.vet\/blog\/wp-content\/uploads\/2020\/07\/pug-4314106_1920-300x200.jpg 300w, https:\/\/www.experiencia.vet\/blog\/wp-content\/uploads\/2020\/07\/pug-4314106_1920-768x512.jpg 768w, https:\/\/www.experiencia.vet\/blog\/wp-content\/uploads\/2020\/07\/pug-4314106_1920-1568x1045.jpg 1568w, https:\/\/www.experiencia.vet\/blog\/wp-content\/uploads\/2020\/07\/pug-4314106_1920.jpg 1920w\" sizes=\"(max-width: 1024px) 100vw, 1024px\" \/><\/figure>\n","protected":false},"excerpt":{"rendered":"<p>El Bulldog ingl\u00e9s y franc\u00e9s, B\u00f3xer, Boston terrier, Pug o incluso el Pequin\u00e9s son algunas de las razas de perro que tienen una gran popularidad como animales de compa\u00f1\u00eda y que, a pesar de tener cada uno caracter\u00edsticas particulares guardan un curioso aspecto: una cabeza casi cuadrada que contiene huesos nasales cortos con relaci\u00f3n a &hellip; <\/p>\n<p class=\"link-more\"><a href=\"https:\/\/www.experiencia.vet\/blog\/pequenas-especies\/razas-caninas-predispuestas-a-problemas-respiratorios\/\" class=\"more-link\">Continuar leyendo<span class=\"screen-reader-text\"> &#8220;Razas caninas predispuestas a problemas respiratorios&#8221;<\/span><\/a><\/p>\n","protected":false},"author":1,"featured_media":182,"comment_status":"open","ping_status":"open","sticky":false,"template":"","format":"standard","meta":[],"categories":[11],"tags":[77,76,75,71,22,16,64,78,79,58,59],"yoast_head":"<!-- This site is optimized with the Yoast SEO plugin v17.7.1 - https:\/\/yoast.com\/wordpress\/plugins\/seo\/ -->\n<title>Razas caninas predispuestas a problemas respiratorios - Experiencia Veterinaria<\/title>\n<meta name=\"robots\" content=\"index, follow, max-snippet:-1, max-image-preview:large, max-video-preview:-1\" \/>\n<link rel=\"canonical\" href=\"https:\/\/www.experiencia.vet\/blog\/pequenas-especies\/razas-caninas-predispuestas-a-problemas-respiratorios\/\" \/>\n<meta property=\"og:locale\" content=\"es_MX\" \/>\n<meta property=\"og:type\" content=\"article\" \/>\n<meta property=\"og:title\" content=\"Razas caninas predispuestas a problemas respiratorios - Experiencia Veterinaria\" \/>\n<meta property=\"og:description\" content=\"El Bulldog ingl\u00e9s y franc\u00e9s, B\u00f3xer, Boston terrier, Pug o incluso el Pequin\u00e9s son algunas de las razas de perro que tienen una gran popularidad como animales de compa\u00f1\u00eda y que, a pesar de tener cada uno caracter\u00edsticas particulares guardan un curioso aspecto: una cabeza casi cuadrada que contiene huesos nasales cortos con relaci\u00f3n a &hellip; Continuar leyendo &quot;Razas caninas predispuestas a problemas respiratorios&quot;\" \/>\n<meta property=\"og:url\" content=\"https:\/\/www.experiencia.vet\/blog\/pequenas-especies\/razas-caninas-predispuestas-a-problemas-respiratorios\/\" \/>\n<meta property=\"og:site_name\" content=\"Experiencia Veterinaria\" \/>\n<meta property=\"article:published_time\" content=\"2020-07-24T22:40:13+00:00\" \/>\n<meta property=\"og:image\" content=\"https:\/\/www.experiencia.vet\/blog\/wp-content\/uploads\/2020\/07\/english-bulldog-538485_1280.jpg\" \/>\n\t<meta property=\"og:image:width\" content=\"1280\" \/>\n\t<meta property=\"og:image:height\" content=\"1278\" \/>\n<meta name=\"twitter:card\" content=\"summary_large_image\" \/>\n<meta name=\"twitter:label1\" content=\"Escrito por\" \/>\n\t<meta name=\"twitter:data1\" content=\"admin\" \/>\n\t<meta name=\"twitter:label2\" content=\"Tiempo de lectura\" \/>\n\t<meta name=\"twitter:data2\" content=\"2 minutos\" \/>\n<script type=\"application\/ld+json\" class=\"yoast-schema-graph\">{\"@context\":\"https:\/\/schema.org\",\"@graph\":[{\"@type\":\"WebSite\",\"@id\":\"https:\/\/www.experiencia.vet\/blog\/#website\",\"url\":\"https:\/\/www.experiencia.vet\/blog\/\",\"name\":\"Experiencia Veterinaria\",\"description\":\"Salud Animal\",\"potentialAction\":[{\"@type\":\"SearchAction\",\"target\":{\"@type\":\"EntryPoint\",\"urlTemplate\":\"https:\/\/www.experiencia.vet\/blog\/?s={search_term_string}\"},\"query-input\":\"required name=search_term_string\"}],\"inLanguage\":\"es-MX\"},{\"@type\":\"ImageObject\",\"@id\":\"https:\/\/www.experiencia.vet\/blog\/pequenas-especies\/razas-caninas-predispuestas-a-problemas-respiratorios\/#primaryimage\",\"inLanguage\":\"es-MX\",\"url\":\"https:\/\/www.experiencia.vet\/blog\/wp-content\/uploads\/2020\/07\/english-bulldog-538485_1280.jpg\",\"contentUrl\":\"https:\/\/www.experiencia.vet\/blog\/wp-content\/uploads\/2020\/07\/english-bulldog-538485_1280.jpg\",\"width\":1280,\"height\":1278},{\"@type\":\"WebPage\",\"@id\":\"https:\/\/www.experiencia.vet\/blog\/pequenas-especies\/razas-caninas-predispuestas-a-problemas-respiratorios\/#webpage\",\"url\":\"https:\/\/www.experiencia.vet\/blog\/pequenas-especies\/razas-caninas-predispuestas-a-problemas-respiratorios\/\",\"name\":\"Razas caninas predispuestas a problemas respiratorios - Experiencia Veterinaria\",\"isPartOf\":{\"@id\":\"https:\/\/www.experiencia.vet\/blog\/#website\"},\"primaryImageOfPage\":{\"@id\":\"https:\/\/www.experiencia.vet\/blog\/pequenas-especies\/razas-caninas-predispuestas-a-problemas-respiratorios\/#primaryimage\"},\"datePublished\":\"2020-07-24T22:40:13+00:00\",\"dateModified\":\"2020-07-24T22:40:13+00:00\",\"author\":{\"@id\":\"https:\/\/www.experiencia.vet\/blog\/#\/schema\/person\/4a43c74e3dc9a07bc51fee056a8a276a\"},\"breadcrumb\":{\"@id\":\"https:\/\/www.experiencia.vet\/blog\/pequenas-especies\/razas-caninas-predispuestas-a-problemas-respiratorios\/#breadcrumb\"},\"inLanguage\":\"es-MX\",\"potentialAction\":[{\"@type\":\"ReadAction\",\"target\":[\"https:\/\/www.experiencia.vet\/blog\/pequenas-especies\/razas-caninas-predispuestas-a-problemas-respiratorios\/\"]}]},{\"@type\":\"BreadcrumbList\",\"@id\":\"https:\/\/www.experiencia.vet\/blog\/pequenas-especies\/razas-caninas-predispuestas-a-problemas-respiratorios\/#breadcrumb\",\"itemListElement\":[{\"@type\":\"ListItem\",\"position\":1,\"name\":\"Inicio\",\"item\":\"https:\/\/www.experiencia.vet\/blog\/\"},{\"@type\":\"ListItem\",\"position\":2,\"name\":\"Razas caninas predispuestas a problemas respiratorios\"}]},{\"@type\":\"Person\",\"@id\":\"https:\/\/www.experiencia.vet\/blog\/#\/schema\/person\/4a43c74e3dc9a07bc51fee056a8a276a\",\"name\":\"admin\",\"image\":{\"@type\":\"ImageObject\",\"@id\":\"https:\/\/www.experiencia.vet\/blog\/#personlogo\",\"inLanguage\":\"es-MX\",\"url\":\"https:\/\/secure.gravatar.com\/avatar\/c5e89d2971e6bf3598a79ce870c646ff?s=96&r=g\",\"contentUrl\":\"https:\/\/secure.gravatar.com\/avatar\/c5e89d2971e6bf3598a79ce870c646ff?s=96&r=g\",\"caption\":\"admin\"},\"url\":\"https:\/\/www.experiencia.vet\/blog\/author\/admin\/\"}]}<\/script>\n<!-- \/ Yoast SEO plugin. -->","yoast_head_json":{"title":"Razas caninas predispuestas a problemas respiratorios - Experiencia Veterinaria","robots":{"index":"index","follow":"follow","max-snippet":"max-snippet:-1","max-image-preview":"max-image-preview:large","max-video-preview":"max-video-preview:-1"},"canonical":"https:\/\/www.experiencia.vet\/blog\/pequenas-especies\/razas-caninas-predispuestas-a-problemas-respiratorios\/","og_locale":"es_MX","og_type":"article","og_title":"Razas caninas predispuestas a problemas respiratorios - Experiencia Veterinaria","og_description":"El Bulldog ingl\u00e9s y franc\u00e9s, B\u00f3xer, Boston terrier, Pug o incluso el Pequin\u00e9s son algunas de las razas de perro que tienen una gran popularidad como animales de compa\u00f1\u00eda y que, a pesar de tener cada uno caracter\u00edsticas particulares guardan un curioso aspecto: una cabeza casi cuadrada que contiene huesos nasales cortos con relaci\u00f3n a &hellip; Continuar leyendo \"Razas caninas predispuestas a problemas respiratorios\"","og_url":"https:\/\/www.experiencia.vet\/blog\/pequenas-especies\/razas-caninas-predispuestas-a-problemas-respiratorios\/","og_site_name":"Experiencia Veterinaria","article_published_time":"2020-07-24T22:40:13+00:00","og_image":[{"width":1280,"height":1278,"url":"https:\/\/www.experiencia.vet\/blog\/wp-content\/uploads\/2020\/07\/english-bulldog-538485_1280.jpg","type":"image\/jpeg"}],"twitter_card":"summary_large_image","twitter_misc":{"Escrito por":"admin","Tiempo de lectura":"2 minutos"},"schema":{"@context":"https:\/\/schema.org","@graph":[{"@type":"WebSite","@id":"https:\/\/www.experiencia.vet\/blog\/#website","url":"https:\/\/www.experiencia.vet\/blog\/","name":"Experiencia Veterinaria","description":"Salud Animal","potentialAction":[{"@type":"SearchAction","target":{"@type":"EntryPoint","urlTemplate":"https:\/\/www.experiencia.vet\/blog\/?s={search_term_string}"},"query-input":"required name=search_term_string"}],"inLanguage":"es-MX"},{"@type":"ImageObject","@id":"https:\/\/www.experiencia.vet\/blog\/pequenas-especies\/razas-caninas-predispuestas-a-problemas-respiratorios\/#primaryimage","inLanguage":"es-MX","url":"https:\/\/www.experiencia.vet\/blog\/wp-content\/uploads\/2020\/07\/english-bulldog-538485_1280.jpg","contentUrl":"https:\/\/www.experiencia.vet\/blog\/wp-content\/uploads\/2020\/07\/english-bulldog-538485_1280.jpg","width":1280,"height":1278},{"@type":"WebPage","@id":"https:\/\/www.experiencia.vet\/blog\/pequenas-especies\/razas-caninas-predispuestas-a-problemas-respiratorios\/#webpage","url":"https:\/\/www.experiencia.vet\/blog\/pequenas-especies\/razas-caninas-predispuestas-a-problemas-respiratorios\/","name":"Razas caninas predispuestas a problemas respiratorios - Experiencia Veterinaria","isPartOf":{"@id":"https:\/\/www.experiencia.vet\/blog\/#website"},"primaryImageOfPage":{"@id":"https:\/\/www.experiencia.vet\/blog\/pequenas-especies\/razas-caninas-predispuestas-a-problemas-respiratorios\/#primaryimage"},"datePublished":"2020-07-24T22:40:13+00:00","dateModified":"2020-07-24T22:40:13+00:00","author":{"@id":"https:\/\/www.experiencia.vet\/blog\/#\/schema\/person\/4a43c74e3dc9a07bc51fee056a8a276a"},"breadcrumb":{"@id":"https:\/\/www.experiencia.vet\/blog\/pequenas-especies\/razas-caninas-predispuestas-a-problemas-respiratorios\/#breadcrumb"},"inLanguage":"es-MX","potentialAction":[{"@type":"ReadAction","target":["https:\/\/www.experiencia.vet\/blog\/pequenas-especies\/razas-caninas-predispuestas-a-problemas-respiratorios\/"]}]},{"@type":"BreadcrumbList","@id":"https:\/\/www.experiencia.vet\/blog\/pequenas-especies\/razas-caninas-predispuestas-a-problemas-respiratorios\/#breadcrumb","itemListElement":[{"@type":"ListItem","position":1,"name":"Inicio","item":"https:\/\/www.experiencia.vet\/blog\/"},{"@type":"ListItem","position":2,"name":"Razas caninas predispuestas a problemas respiratorios"}]},{"@type":"Person","@id":"https:\/\/www.experiencia.vet\/blog\/#\/schema\/person\/4a43c74e3dc9a07bc51fee056a8a276a","name":"admin","image":{"@type":"ImageObject","@id":"https:\/\/www.experiencia.vet\/blog\/#personlogo","inLanguage":"es-MX","url":"https:\/\/secure.gravatar.com\/avatar\/c5e89d2971e6bf3598a79ce870c646ff?s=96&r=g","contentUrl":"https:\/\/secure.gravatar.com\/avatar\/c5e89d2971e6bf3598a79ce870c646ff?s=96&r=g","caption":"admin"},"url":"https:\/\/www.experiencia.vet\/blog\/author\/admin\/"}]}},"_links":{"self":[{"href":"https:\/\/www.experiencia.vet\/blog\/wp-json\/wp\/v2\/posts\/179"}],"collection":[{"href":"https:\/\/www.experiencia.vet\/blog\/wp-json\/wp\/v2\/posts"}],"about":[{"href":"https:\/\/www.experiencia.vet\/blog\/wp-json\/wp\/v2\/types\/post"}],"author":[{"embeddable":true,"href":"https:\/\/www.experiencia.vet\/blog\/wp-json\/wp\/v2\/users\/1"}],"replies":[{"embeddable":true,"href":"https:\/\/www.experiencia.vet\/blog\/wp-json\/wp\/v2\/comments?post=179"}],"version-history":[{"count":1,"href":"https:\/\/www.experiencia.vet\/blog\/wp-json\/wp\/v2\/posts\/179\/revisions"}],"predecessor-version":[{"id":183,"href":"https:\/\/www.experiencia.vet\/blog\/wp-json\/wp\/v2\/posts\/179\/revisions\/183"}],"wp:featuredmedia":[{"embeddable":true,"href":"https:\/\/www.experiencia.vet\/blog\/wp-json\/wp\/v2\/media\/182"}],"wp:attachment":[{"href":"https:\/\/www.experiencia.vet\/blog\/wp-json\/wp\/v2\/media?parent=179"}],"wp:term":[{"taxonomy":"category","embeddable":true,"href":"https:\/\/www.experiencia.vet\/blog\/wp-json\/wp\/v2\/categories?post=179"},{"taxonomy":"post_tag","embeddable":true,"href":"https:\/\/www.experiencia.vet\/blog\/wp-json\/wp\/v2\/tags?post=179"}],"curies":[{"name":"wp","href":"https:\/\/api.w.org\/{rel}","templated":true}]}}