{"id":193,"date":"2020-08-28T20:13:10","date_gmt":"2020-08-28T20:13:10","guid":{"rendered":"http:\/\/www.experiencia.vet\/blog\/?p=193"},"modified":"2020-08-28T20:13:10","modified_gmt":"2020-08-28T20:13:10","slug":"uso-prudente-de-antibioticos-en-mascotas","status":"publish","type":"post","link":"https:\/\/www.experiencia.vet\/blog\/pequenas-especies\/uso-prudente-de-antibioticos-en-mascotas\/","title":{"rendered":"Uso prudente de antibi\u00f3ticos en mascotas"},"content":{"rendered":"\n<p>Los antibi\u00f3ticos son sustancias producidas por varias\nespecies de microorganismos (bacterias, hongos o actinomicetos), que suprimen\nel crecimiento de otros microorganismos y que inclusive pueden llegar a\ndestruirlos. Por ello, son de suma importancia en los tratamientos de nuestras mascotas,\npero el desarrollo de resistencias bacterianas genera gran preocupaci\u00f3n en el\nuso de estos, por lo que un empleo racional de los antibi\u00f3ticos es importante\npara mantener su eficacia cl\u00ednica.<\/p>\n\n\n\n<p>Las infecciones bacterianas cut\u00e1neas son una de las causas\nm\u00e1s frecuentes del empleo de antibi\u00f3ticos sist\u00e9micos en perros y gatos, por lo\nque el manejo adecuado de estas y otras infecciones es crucial en los protocolos\nde uso responsable de los antibi\u00f3ticos.<\/p>\n\n\n\n<p>El \u00e9xito de la antibioterapia depende de la confirmaci\u00f3n de\nla presencia de infecci\u00f3n, de la identificaci\u00f3n del agente etiol\u00f3gico, es\ndecir, de la bacteria causal; de la selecci\u00f3n del antibi\u00f3tico m\u00e1s apropiado y\nde asegurar el correcto tratamiento. <\/p>\n\n\n\n<figure class=\"wp-block-image\"><img loading=\"lazy\" width=\"1024\" height=\"683\" src=\"http:\/\/www.experiencia.vet\/blog\/wp-content\/uploads\/2020\/08\/cat-4988408_1920-1024x683.jpg\" alt=\"\" class=\"wp-image-195\" srcset=\"https:\/\/www.experiencia.vet\/blog\/wp-content\/uploads\/2020\/08\/cat-4988408_1920-1024x683.jpg 1024w, https:\/\/www.experiencia.vet\/blog\/wp-content\/uploads\/2020\/08\/cat-4988408_1920-300x200.jpg 300w, https:\/\/www.experiencia.vet\/blog\/wp-content\/uploads\/2020\/08\/cat-4988408_1920-768x512.jpg 768w, https:\/\/www.experiencia.vet\/blog\/wp-content\/uploads\/2020\/08\/cat-4988408_1920-1568x1045.jpg 1568w, https:\/\/www.experiencia.vet\/blog\/wp-content\/uploads\/2020\/08\/cat-4988408_1920.jpg 1920w\" sizes=\"(max-width: 1024px) 100vw, 1024px\" \/><\/figure>\n\n\n\n<p>De forma ideal, el tratamiento no debe iniciarse hasta\nobtener el resultado del cultivo bacteriano y la sensibilidad antimicrobiana.\nEn caso de ser necesario iniciar un tratamiento de manera inmediata, la\nselecci\u00f3n del f\u00e1rmaco adecuado debe basarse en los signos cl\u00ednicos y la\ncitolog\u00eda, teniendo en mente los organismos m\u00e1s compatibles y sus patrones de\nsensibilidad en cada caso. <\/p>\n\n\n\n<p>Cuando los resultados del cultivo y sensibilidad est\u00e9n\ndisponibles, el veterinario debe estar preparado para ascender a un f\u00e1rmaco de\nmayor nivel o descender a uno de menor grado, seg\u00fan sea indicado.<\/p>\n\n\n\n<p>El ritmo de desarrollo de nuevos agentes antimicrobianos ha\nsido generalmente m\u00e1s lento que el aumento de la tasa de resistencia a los\nantibi\u00f3ticos, en particular con respecto a bacterias Gram negativas. Los nuevos\nagentes antimicrobianos, relativamente pocos, que se han introducido en la\npr\u00e1ctica cl\u00ednica en los \u00faltimos a\u00f1os tienen indicaciones cl\u00ednicas espec\u00edficas.\nSin embargo, se est\u00e1n estudiando para otras indicaciones, principalmente en\ndonde los agentes utilizados tradicionalmente han fracasado o est\u00e1n\ncontraindicados. El uso cl\u00ednico apropiado de los nuevos antibi\u00f3ticos puede\nevitar la aparici\u00f3n de resistencias bacterianas.<\/p>\n\n\n\n<p>Un gran salto en la farmacolog\u00eda veterinaria es el empleo de\nantibacterianos de amplio espectro y de tercera generaci\u00f3n como la Cefotaxima\nla cual act\u00faa de forma muy eficiente contra microorganismo anaerobios y Gram\nnegativos como <em>Klebsiella, E. coli y\nSerratia mercesans<\/em>; y en general en problemas de meningitis bacterianas,\nprofilaxis quir\u00fargica e infecciones de piel, hueso o respiratorias graves. <\/p>\n\n\n\n<p>Ante cualquier sospecha de infecciones en tus mascotas acude\nde inmediato con su M\u00e9dico Veterinario y evita administrar antibi\u00f3ticos sin su\nprescripci\u00f3n. <\/p>\n\n\n\n<figure class=\"wp-block-image\"><img loading=\"lazy\" width=\"1024\" height=\"819\" src=\"http:\/\/www.experiencia.vet\/blog\/wp-content\/uploads\/2020\/08\/veterinary-85925_1920-1024x819.jpg\" alt=\"\" class=\"wp-image-194\" srcset=\"https:\/\/www.experiencia.vet\/blog\/wp-content\/uploads\/2020\/08\/veterinary-85925_1920-1024x819.jpg 1024w, https:\/\/www.experiencia.vet\/blog\/wp-content\/uploads\/2020\/08\/veterinary-85925_1920-300x240.jpg 300w, https:\/\/www.experiencia.vet\/blog\/wp-content\/uploads\/2020\/08\/veterinary-85925_1920-768x614.jpg 768w, https:\/\/www.experiencia.vet\/blog\/wp-content\/uploads\/2020\/08\/veterinary-85925_1920-1568x1254.jpg 1568w, https:\/\/www.experiencia.vet\/blog\/wp-content\/uploads\/2020\/08\/veterinary-85925_1920.jpg 1920w\" sizes=\"(max-width: 1024px) 100vw, 1024px\" \/><\/figure>\n","protected":false},"excerpt":{"rendered":"<p>Los antibi\u00f3ticos son sustancias producidas por varias especies de microorganismos (bacterias, hongos o actinomicetos), que suprimen el crecimiento de otros microorganismos y que inclusive pueden llegar a destruirlos. Por ello, son de suma importancia en los tratamientos de nuestras mascotas, pero el desarrollo de resistencias bacterianas genera gran preocupaci\u00f3n en el uso de estos, por &hellip; <\/p>\n<p class=\"link-more\"><a href=\"https:\/\/www.experiencia.vet\/blog\/pequenas-especies\/uso-prudente-de-antibioticos-en-mascotas\/\" class=\"more-link\">Continuar leyendo<span class=\"screen-reader-text\"> &#8220;Uso prudente de antibi\u00f3ticos en mascotas&#8221;<\/span><\/a><\/p>\n","protected":false},"author":1,"featured_media":196,"comment_status":"open","ping_status":"open","sticky":false,"template":"","format":"standard","meta":[],"categories":[11],"tags":[57,20,85,22,17,89,88,29,24,61,16,86,87,90,62],"yoast_head":"<!-- This site is optimized with the Yoast SEO plugin v17.7.1 - https:\/\/yoast.com\/wordpress\/plugins\/seo\/ -->\n<title>Uso prudente de antibi\u00f3ticos en mascotas - Experiencia Veterinaria<\/title>\n<meta name=\"robots\" content=\"index, follow, max-snippet:-1, max-image-preview:large, max-video-preview:-1\" \/>\n<link rel=\"canonical\" href=\"https:\/\/www.experiencia.vet\/blog\/pequenas-especies\/uso-prudente-de-antibioticos-en-mascotas\/\" \/>\n<meta property=\"og:locale\" content=\"es_MX\" \/>\n<meta property=\"og:type\" content=\"article\" \/>\n<meta property=\"og:title\" content=\"Uso prudente de antibi\u00f3ticos en mascotas - Experiencia Veterinaria\" \/>\n<meta property=\"og:description\" content=\"Los antibi\u00f3ticos son sustancias producidas por varias especies de microorganismos (bacterias, hongos o actinomicetos), que suprimen el crecimiento de otros microorganismos y que inclusive pueden llegar a destruirlos. Por ello, son de suma importancia en los tratamientos de nuestras mascotas, pero el desarrollo de resistencias bacterianas genera gran preocupaci\u00f3n en el uso de estos, por &hellip; Continuar leyendo &quot;Uso prudente de antibi\u00f3ticos en mascotas&quot;\" \/>\n<meta property=\"og:url\" content=\"https:\/\/www.experiencia.vet\/blog\/pequenas-especies\/uso-prudente-de-antibioticos-en-mascotas\/\" \/>\n<meta property=\"og:site_name\" content=\"Experiencia Veterinaria\" \/>\n<meta property=\"article:published_time\" content=\"2020-08-28T20:13:10+00:00\" \/>\n<meta property=\"og:image\" content=\"https:\/\/www.experiencia.vet\/blog\/wp-content\/uploads\/2020\/08\/headache-1540220_1920.jpg\" \/>\n\t<meta property=\"og:image:width\" content=\"1920\" \/>\n\t<meta property=\"og:image:height\" content=\"1280\" \/>\n<meta name=\"twitter:card\" content=\"summary_large_image\" \/>\n<meta name=\"twitter:label1\" content=\"Escrito por\" \/>\n\t<meta name=\"twitter:data1\" content=\"admin\" \/>\n\t<meta name=\"twitter:label2\" content=\"Tiempo de lectura\" \/>\n\t<meta name=\"twitter:data2\" content=\"2 minutos\" \/>\n<script type=\"application\/ld+json\" class=\"yoast-schema-graph\">{\"@context\":\"https:\/\/schema.org\",\"@graph\":[{\"@type\":\"WebSite\",\"@id\":\"https:\/\/www.experiencia.vet\/blog\/#website\",\"url\":\"https:\/\/www.experiencia.vet\/blog\/\",\"name\":\"Experiencia Veterinaria\",\"description\":\"Salud Animal\",\"potentialAction\":[{\"@type\":\"SearchAction\",\"target\":{\"@type\":\"EntryPoint\",\"urlTemplate\":\"https:\/\/www.experiencia.vet\/blog\/?s={search_term_string}\"},\"query-input\":\"required name=search_term_string\"}],\"inLanguage\":\"es-MX\"},{\"@type\":\"ImageObject\",\"@id\":\"https:\/\/www.experiencia.vet\/blog\/pequenas-especies\/uso-prudente-de-antibioticos-en-mascotas\/#primaryimage\",\"inLanguage\":\"es-MX\",\"url\":\"https:\/\/www.experiencia.vet\/blog\/wp-content\/uploads\/2020\/08\/headache-1540220_1920.jpg\",\"contentUrl\":\"https:\/\/www.experiencia.vet\/blog\/wp-content\/uploads\/2020\/08\/headache-1540220_1920.jpg\",\"width\":1920,\"height\":1280},{\"@type\":\"WebPage\",\"@id\":\"https:\/\/www.experiencia.vet\/blog\/pequenas-especies\/uso-prudente-de-antibioticos-en-mascotas\/#webpage\",\"url\":\"https:\/\/www.experiencia.vet\/blog\/pequenas-especies\/uso-prudente-de-antibioticos-en-mascotas\/\",\"name\":\"Uso prudente de antibi\\u00f3ticos en mascotas - Experiencia Veterinaria\",\"isPartOf\":{\"@id\":\"https:\/\/www.experiencia.vet\/blog\/#website\"},\"primaryImageOfPage\":{\"@id\":\"https:\/\/www.experiencia.vet\/blog\/pequenas-especies\/uso-prudente-de-antibioticos-en-mascotas\/#primaryimage\"},\"datePublished\":\"2020-08-28T20:13:10+00:00\",\"dateModified\":\"2020-08-28T20:13:10+00:00\",\"author\":{\"@id\":\"https:\/\/www.experiencia.vet\/blog\/#\/schema\/person\/4a43c74e3dc9a07bc51fee056a8a276a\"},\"breadcrumb\":{\"@id\":\"https:\/\/www.experiencia.vet\/blog\/pequenas-especies\/uso-prudente-de-antibioticos-en-mascotas\/#breadcrumb\"},\"inLanguage\":\"es-MX\",\"potentialAction\":[{\"@type\":\"ReadAction\",\"target\":[\"https:\/\/www.experiencia.vet\/blog\/pequenas-especies\/uso-prudente-de-antibioticos-en-mascotas\/\"]}]},{\"@type\":\"BreadcrumbList\",\"@id\":\"https:\/\/www.experiencia.vet\/blog\/pequenas-especies\/uso-prudente-de-antibioticos-en-mascotas\/#breadcrumb\",\"itemListElement\":[{\"@type\":\"ListItem\",\"position\":1,\"name\":\"Inicio\",\"item\":\"https:\/\/www.experiencia.vet\/blog\/\"},{\"@type\":\"ListItem\",\"position\":2,\"name\":\"Uso prudente de antibi\\u00f3ticos en mascotas\"}]},{\"@type\":\"Person\",\"@id\":\"https:\/\/www.experiencia.vet\/blog\/#\/schema\/person\/4a43c74e3dc9a07bc51fee056a8a276a\",\"name\":\"admin\",\"image\":{\"@type\":\"ImageObject\",\"@id\":\"https:\/\/www.experiencia.vet\/blog\/#personlogo\",\"inLanguage\":\"es-MX\",\"url\":\"https:\/\/secure.gravatar.com\/avatar\/c5e89d2971e6bf3598a79ce870c646ff?s=96&r=g\",\"contentUrl\":\"https:\/\/secure.gravatar.com\/avatar\/c5e89d2971e6bf3598a79ce870c646ff?s=96&r=g\",\"caption\":\"admin\"},\"url\":\"https:\/\/www.experiencia.vet\/blog\/author\/admin\/\"}]}<\/script>\n<!-- \/ Yoast SEO plugin. -->","yoast_head_json":{"title":"Uso prudente de antibi\u00f3ticos en mascotas - Experiencia Veterinaria","robots":{"index":"index","follow":"follow","max-snippet":"max-snippet:-1","max-image-preview":"max-image-preview:large","max-video-preview":"max-video-preview:-1"},"canonical":"https:\/\/www.experiencia.vet\/blog\/pequenas-especies\/uso-prudente-de-antibioticos-en-mascotas\/","og_locale":"es_MX","og_type":"article","og_title":"Uso prudente de antibi\u00f3ticos en mascotas - Experiencia Veterinaria","og_description":"Los antibi\u00f3ticos son sustancias producidas por varias especies de microorganismos (bacterias, hongos o actinomicetos), que suprimen el crecimiento de otros microorganismos y que inclusive pueden llegar a destruirlos. Por ello, son de suma importancia en los tratamientos de nuestras mascotas, pero el desarrollo de resistencias bacterianas genera gran preocupaci\u00f3n en el uso de estos, por &hellip; Continuar leyendo \"Uso prudente de antibi\u00f3ticos en mascotas\"","og_url":"https:\/\/www.experiencia.vet\/blog\/pequenas-especies\/uso-prudente-de-antibioticos-en-mascotas\/","og_site_name":"Experiencia Veterinaria","article_published_time":"2020-08-28T20:13:10+00:00","og_image":[{"width":1920,"height":1280,"url":"https:\/\/www.experiencia.vet\/blog\/wp-content\/uploads\/2020\/08\/headache-1540220_1920.jpg","type":"image\/jpeg"}],"twitter_card":"summary_large_image","twitter_misc":{"Escrito por":"admin","Tiempo de lectura":"2 minutos"},"schema":{"@context":"https:\/\/schema.org","@graph":[{"@type":"WebSite","@id":"https:\/\/www.experiencia.vet\/blog\/#website","url":"https:\/\/www.experiencia.vet\/blog\/","name":"Experiencia Veterinaria","description":"Salud Animal","potentialAction":[{"@type":"SearchAction","target":{"@type":"EntryPoint","urlTemplate":"https:\/\/www.experiencia.vet\/blog\/?s={search_term_string}"},"query-input":"required name=search_term_string"}],"inLanguage":"es-MX"},{"@type":"ImageObject","@id":"https:\/\/www.experiencia.vet\/blog\/pequenas-especies\/uso-prudente-de-antibioticos-en-mascotas\/#primaryimage","inLanguage":"es-MX","url":"https:\/\/www.experiencia.vet\/blog\/wp-content\/uploads\/2020\/08\/headache-1540220_1920.jpg","contentUrl":"https:\/\/www.experiencia.vet\/blog\/wp-content\/uploads\/2020\/08\/headache-1540220_1920.jpg","width":1920,"height":1280},{"@type":"WebPage","@id":"https:\/\/www.experiencia.vet\/blog\/pequenas-especies\/uso-prudente-de-antibioticos-en-mascotas\/#webpage","url":"https:\/\/www.experiencia.vet\/blog\/pequenas-especies\/uso-prudente-de-antibioticos-en-mascotas\/","name":"Uso prudente de antibi\u00f3ticos en mascotas - Experiencia Veterinaria","isPartOf":{"@id":"https:\/\/www.experiencia.vet\/blog\/#website"},"primaryImageOfPage":{"@id":"https:\/\/www.experiencia.vet\/blog\/pequenas-especies\/uso-prudente-de-antibioticos-en-mascotas\/#primaryimage"},"datePublished":"2020-08-28T20:13:10+00:00","dateModified":"2020-08-28T20:13:10+00:00","author":{"@id":"https:\/\/www.experiencia.vet\/blog\/#\/schema\/person\/4a43c74e3dc9a07bc51fee056a8a276a"},"breadcrumb":{"@id":"https:\/\/www.experiencia.vet\/blog\/pequenas-especies\/uso-prudente-de-antibioticos-en-mascotas\/#breadcrumb"},"inLanguage":"es-MX","potentialAction":[{"@type":"ReadAction","target":["https:\/\/www.experiencia.vet\/blog\/pequenas-especies\/uso-prudente-de-antibioticos-en-mascotas\/"]}]},{"@type":"BreadcrumbList","@id":"https:\/\/www.experiencia.vet\/blog\/pequenas-especies\/uso-prudente-de-antibioticos-en-mascotas\/#breadcrumb","itemListElement":[{"@type":"ListItem","position":1,"name":"Inicio","item":"https:\/\/www.experiencia.vet\/blog\/"},{"@type":"ListItem","position":2,"name":"Uso prudente de antibi\u00f3ticos en mascotas"}]},{"@type":"Person","@id":"https:\/\/www.experiencia.vet\/blog\/#\/schema\/person\/4a43c74e3dc9a07bc51fee056a8a276a","name":"admin","image":{"@type":"ImageObject","@id":"https:\/\/www.experiencia.vet\/blog\/#personlogo","inLanguage":"es-MX","url":"https:\/\/secure.gravatar.com\/avatar\/c5e89d2971e6bf3598a79ce870c646ff?s=96&r=g","contentUrl":"https:\/\/secure.gravatar.com\/avatar\/c5e89d2971e6bf3598a79ce870c646ff?s=96&r=g","caption":"admin"},"url":"https:\/\/www.experiencia.vet\/blog\/author\/admin\/"}]}},"_links":{"self":[{"href":"https:\/\/www.experiencia.vet\/blog\/wp-json\/wp\/v2\/posts\/193"}],"collection":[{"href":"https:\/\/www.experiencia.vet\/blog\/wp-json\/wp\/v2\/posts"}],"about":[{"href":"https:\/\/www.experiencia.vet\/blog\/wp-json\/wp\/v2\/types\/post"}],"author":[{"embeddable":true,"href":"https:\/\/www.experiencia.vet\/blog\/wp-json\/wp\/v2\/users\/1"}],"replies":[{"embeddable":true,"href":"https:\/\/www.experiencia.vet\/blog\/wp-json\/wp\/v2\/comments?post=193"}],"version-history":[{"count":1,"href":"https:\/\/www.experiencia.vet\/blog\/wp-json\/wp\/v2\/posts\/193\/revisions"}],"predecessor-version":[{"id":197,"href":"https:\/\/www.experiencia.vet\/blog\/wp-json\/wp\/v2\/posts\/193\/revisions\/197"}],"wp:featuredmedia":[{"embeddable":true,"href":"https:\/\/www.experiencia.vet\/blog\/wp-json\/wp\/v2\/media\/196"}],"wp:attachment":[{"href":"https:\/\/www.experiencia.vet\/blog\/wp-json\/wp\/v2\/media?parent=193"}],"wp:term":[{"taxonomy":"category","embeddable":true,"href":"https:\/\/www.experiencia.vet\/blog\/wp-json\/wp\/v2\/categories?post=193"},{"taxonomy":"post_tag","embeddable":true,"href":"https:\/\/www.experiencia.vet\/blog\/wp-json\/wp\/v2\/tags?post=193"}],"curies":[{"name":"wp","href":"https:\/\/api.w.org\/{rel}","templated":true}]}}