{"id":326,"date":"2021-07-16T21:21:53","date_gmt":"2021-07-16T21:21:53","guid":{"rendered":"https:\/\/www.experiencia.vet\/blog\/?p=326"},"modified":"2021-07-29T22:34:34","modified_gmt":"2021-07-29T22:34:34","slug":"impacto-economico-de-la-fasciola-hepatica-en-bovinos-y-ovinos","status":"publish","type":"post","link":"https:\/\/www.experiencia.vet\/blog\/rumiantes\/impacto-economico-de-la-fasciola-hepatica-en-bovinos-y-ovinos\/","title":{"rendered":"Impacto econ\u00f3mico de la Fasciola hep\u00e1tica en bovinos y ovinos"},"content":{"rendered":"\n<p>La <strong>fasciolasis <\/strong>causada por el par\u00e1sito <em><strong>Fasciola hep\u00e1tica<\/strong><\/em> ocurre principalmente en el <strong>ganado ovino y bovino<\/strong> de todo el mundo (Ibarra <em>et al.,<\/em> 1997). De todos los hospederos conocidos, los m\u00e1s importantes desde el punto de vista epidemiol\u00f3gico son estas dos especies, pero el desarrollo de la infestaci\u00f3n tiene marcadas diferencias entre ellos, en bovinos raramente causa la muerte, mientras que esto ocurre en ovinos con m\u00e1s frecuencia.<\/p>\n\n\n\n<p>La diferente susceptibilidad\/resistencia <strong>(Cuadro 1)<\/strong> se manifiesta en diferencias patol\u00f3gicas que siguen en la infecci\u00f3n. En ovinos, la edad o sexo no afecta el nivel de parasitismo y los animales parasitados no desarrollan resistencia para pr\u00f3ximos desaf\u00edos, siendo este hospedador el que m\u00e1s contribuye a la continua contaminaci\u00f3n de las pasturas, llegando a tener una excreci\u00f3n de 2 millones de huevos por animal por d\u00eda (Olaechea, 2007).<\/p>\n\n\n\n<figure class=\"wp-block-gallery columns-1 is-cropped\"><ul class=\"blocks-gallery-grid\"><li class=\"blocks-gallery-item\"><figure><a href=\"https:\/\/www.experiencia.vet\/blog\/wp-content\/uploads\/2021\/07\/BLOG_TABLAFASCIOLA.png\"><img loading=\"lazy\" width=\"698\" height=\"147\" src=\"https:\/\/www.experiencia.vet\/blog\/wp-content\/uploads\/2021\/07\/BLOG_TABLAFASCIOLA.png\" alt=\"\" data-id=\"327\" data-full-url=\"https:\/\/www.experiencia.vet\/blog\/wp-content\/uploads\/2021\/07\/BLOG_TABLAFASCIOLA.png\" data-link=\"https:\/\/www.experiencia.vet\/blog\/?attachment_id=327\" class=\"wp-image-327\" srcset=\"https:\/\/www.experiencia.vet\/blog\/wp-content\/uploads\/2021\/07\/BLOG_TABLAFASCIOLA.png 698w, https:\/\/www.experiencia.vet\/blog\/wp-content\/uploads\/2021\/07\/BLOG_TABLAFASCIOLA-300x63.png 300w\" sizes=\"(max-width: 698px) 100vw, 698px\" \/><\/a><\/figure><\/li><\/ul><figcaption class=\"blocks-gallery-caption\">Cuadro 1. Clasificaci\u00f3n en base a la resistencia por especie a <em>F. hep\u00e1tica<\/em>. Fuentes: Olaechea, 2007.<\/figcaption><\/figure>\n\n\n\n<p>L<strong>a fasciolasis <\/strong>y las p\u00e9rdidas que produce se han incrementado en el mundo con los cambios generados y por la intensificaci\u00f3n de los sistemas productivos. El uso de riego para mejorar la calidad y cantidad de forraje a los animales, as\u00ed como las inundaciones por <strong>desborde o precipitaci\u00f3n<\/strong> producen un incremento del h\u00e1bitat del caracol de g\u00e9nero <em>Lymnaea<\/em>, el cual act\u00faa como hospedador intermediario de <em>F. hep\u00e1tica. <\/em><\/p>\n\n\n\n<div class=\"wp-block-image\"><figure class=\"aligncenter size-large\"><a href=\"https:\/\/www.experiencia.vet\/blog\/wp-content\/uploads\/2021\/07\/BLOG_CaracolLymnaea.jpg\"><img loading=\"lazy\" width=\"1024\" height=\"768\" src=\"https:\/\/www.experiencia.vet\/blog\/wp-content\/uploads\/2021\/07\/BLOG_CaracolLymnaea.jpg\" alt=\"\" class=\"wp-image-330\" srcset=\"https:\/\/www.experiencia.vet\/blog\/wp-content\/uploads\/2021\/07\/BLOG_CaracolLymnaea.jpg 1024w, https:\/\/www.experiencia.vet\/blog\/wp-content\/uploads\/2021\/07\/BLOG_CaracolLymnaea-300x225.jpg 300w, https:\/\/www.experiencia.vet\/blog\/wp-content\/uploads\/2021\/07\/BLOG_CaracolLymnaea-768x576.jpg 768w\" sizes=\"(max-width: 1024px) 100vw, 1024px\" \/><\/a><figcaption>Imagen 3 V\u00eda Wikipedia: El caracol de g\u00e9nero <em>Lymnaea<\/em>, act\u00faa como hu\u00e9sped intermediario de <br><em>F. hep\u00e1tica.<\/em><\/figcaption><\/figure><\/div>\n\n\n\n<p>En manejos extensivos, debido a las caracter\u00edsticas topogr\u00e1ficas, en los potreros se puede identificar ambientes h\u00famedos donde se dan las condiciones para el desarrollo del <strong>caracol<\/strong> y donde puede haber gran disponibilidad de<strong> metacercarias<\/strong> (fase infectante de <em>F. hep\u00e1tica<\/em>). En este caso, de grandes potreros y bajas cargas, la coincidencia <strong>hu\u00e9sped-par\u00e1sito<\/strong> depende en gran medida del h\u00e1bito de pastoreo en los animales, que podr\u00e1n elegir de acuerdo a la oferta de forraje. Cuando las condiciones de pastoreo se modifican, con un apotreramiento que no permite el uso de \u00e1reas m\u00e1s secas o por sobrepastoreo del forraje preferible, los bovinos se ven obligados a utilizar el forraje de zonas contaminadas y a estar m\u00e1s tiempo en ellas, facilitando la recontaminaci\u00f3n, es as\u00ed que la enfermedad causa mayores p\u00e9rdidas cuando a una \u00e9poca h\u00fameda le sigue una de gran sequ\u00eda (Olaechea, 2007).<\/p>\n\n\n\n<div class=\"wp-block-image\"><figure class=\"aligncenter size-large\"><a href=\"https:\/\/www.experiencia.vet\/blog\/wp-content\/uploads\/2021\/07\/BLOG_FASCIOLACOMER.jpg\"><img loading=\"lazy\" width=\"960\" height=\"640\" src=\"https:\/\/www.experiencia.vet\/blog\/wp-content\/uploads\/2021\/07\/BLOG_FASCIOLACOMER.jpg\" alt=\"\" class=\"wp-image-331\" srcset=\"https:\/\/www.experiencia.vet\/blog\/wp-content\/uploads\/2021\/07\/BLOG_FASCIOLACOMER.jpg 960w, https:\/\/www.experiencia.vet\/blog\/wp-content\/uploads\/2021\/07\/BLOG_FASCIOLACOMER-300x200.jpg 300w, https:\/\/www.experiencia.vet\/blog\/wp-content\/uploads\/2021\/07\/BLOG_FASCIOLACOMER-768x512.jpg 768w\" sizes=\"(max-width: 960px) 100vw, 960px\" \/><\/a><\/figure><\/div>\n\n\n\n<p>Su relevancia radica en cuantiosas <strong>p\u00e9rdidas econ\u00f3mica<\/strong>s que se producen por causas directas e indirectas evaluadas en mortalidad (Ibarra <em>et al.,<\/em>1997), reducci\u00f3n en calidad y cantidad de carne, menores porcentajes de parici\u00f3n, menor crecimiento y en mayores costos de reposici\u00f3n de faltantes. A esto hay que agregar los gastos derivados de los tratamientos administrados a los animales (Olaechea, 2007) y particularmente en el decomiso de h\u00edgados en el rastro cuando los animales son llevados a sacrificio (Ibarra <em>et al.,<\/em> 1997).<\/p>\n\n\n\n<p>Las mayores p\u00e9rdidas se dan principalmente en<strong> animales j\u00f3vene<\/strong>s y hasta los <strong>dos a\u00f1os<\/strong>, sin embargo, se han registrado mortandades en carneros adultos que pastoreaban pr\u00f3ximos a \u00e1reas cercadas con pasturas irrigadas (Olaechea, 2007).<\/p>\n\n\n\n<p>El control de las fasciola en un \u00e1rea enzo\u00f3tica debe estar orientado <strong>a prever o limitar el contacto entre el par\u00e1sito y su hospedero definitivo<\/strong>, tratando en principio, de ofrecer <strong>pasturas \u201cseguras\u201d <\/strong>para las categor\u00edas de animales mayormente susceptibles (Olaechea, 2007).<\/p>\n\n\n\n<div class=\"wp-block-image\"><figure class=\"aligncenter size-large\"><a href=\"https:\/\/www.experiencia.vet\/blog\/wp-content\/uploads\/2021\/07\/BLOG_F.HEPATICA.jpg\"><img loading=\"lazy\" width=\"630\" height=\"259\" src=\"https:\/\/www.experiencia.vet\/blog\/wp-content\/uploads\/2021\/07\/BLOG_F.HEPATICA.jpg\" alt=\"\" class=\"wp-image-328\" srcset=\"https:\/\/www.experiencia.vet\/blog\/wp-content\/uploads\/2021\/07\/BLOG_F.HEPATICA.jpg 630w, https:\/\/www.experiencia.vet\/blog\/wp-content\/uploads\/2021\/07\/BLOG_F.HEPATICA-300x123.jpg 300w\" sizes=\"(max-width: 630px) 100vw, 630px\" \/><\/a><figcaption>Imagen 2.<em> F. hep\u00e1tica<\/em> causante de p\u00e9rdidas econ\u00f3micas en unidades de producci\u00f3n ovinas.<\/figcaption><\/figure><\/div>\n\n\n\n<p>Las medidas b\u00e1sicas para el control de <em>F. hep\u00e1tica<\/em> se focaliza en tres puntos:<\/p>\n\n\n\n<ol type=\"1\"><li><strong>Contra el par\u00e1sito en el hospedero definitivo.<\/strong><\/li><li><strong>Contra estad\u00edos libres del par\u00e1sito.<\/strong><\/li><li><strong>Contra los caracoles intermediarios.<\/strong><\/li><\/ol>\n\n\n\n<p>El <strong>control del par\u00e1sito<\/strong> en el hospedero definitivo se realiza generalmente mediante el<strong> tratamiento con trematocidas<\/strong>, los cuales en su mayor\u00eda afectan al par\u00e1sito adulto, sin embargo, los par\u00e1sitos inmaduros son de vital importancia ya que, al invadir el h\u00edgado, causan el mayor da\u00f1o durante las primeras <strong>10 semanas,<\/strong> de ah\u00ed la necesidad de contar con compuestos indicados contra los estadios inmaduros tempranos del par\u00e1sito (Ibarra <em>et al.,<\/em> 1997).<\/p>\n\n\n\n<p>A trav\u00e9s del tiempo, los <strong>bencimidazoles y probencimidazoles<\/strong> han probado ser altamente efectivos, primordialmente contra una amplia gama de vermes gastrointestinales y pulmonares. Posteriormente mediante la modificaci\u00f3n de su estructura qu\u00edmica algunos compuestos, particularmente el triclabendazol, ha mostrado actividad significativa contra <em>F. hep\u00e1tica<\/em> (Ibarra <em>et al., <\/em>1997) teniendo una eficacia del 80% al 99% durante las primeras 4 semanas de edad de la <em>F. hep\u00e1tica <\/em>y del 99% al 100% de la 4\u00aa semana en adelante (Olaechea, 2007).<\/p>\n\n\n\n<div class=\"wp-block-image\"><figure class=\"alignleft size-large is-resized\"><a href=\"https:\/\/www.experiencia.vet\/blog\/wp-content\/uploads\/2021\/07\/Arte_BLOG_01-1.png\"><img loading=\"lazy\" src=\"https:\/\/www.experiencia.vet\/blog\/wp-content\/uploads\/2021\/07\/Arte_BLOG_01-1-1024x1024.png\" alt=\"\" class=\"wp-image-363\" width=\"669\" height=\"669\" srcset=\"https:\/\/www.experiencia.vet\/blog\/wp-content\/uploads\/2021\/07\/Arte_BLOG_01-1-1024x1024.png 1024w, https:\/\/www.experiencia.vet\/blog\/wp-content\/uploads\/2021\/07\/Arte_BLOG_01-1-300x300.png 300w, https:\/\/www.experiencia.vet\/blog\/wp-content\/uploads\/2021\/07\/Arte_BLOG_01-1-150x150.png 150w, https:\/\/www.experiencia.vet\/blog\/wp-content\/uploads\/2021\/07\/Arte_BLOG_01-1-768x768.png 768w, https:\/\/www.experiencia.vet\/blog\/wp-content\/uploads\/2021\/07\/Arte_BLOG_01-1-1536x1536.png 1536w\" sizes=\"(max-width: 669px) 100vw, 669px\" \/><\/a><\/figure><\/div>\n\n\n\n<p><\/p>\n\n\n\n<p><em><strong>Iverfull F, Iverfull F Bovinos, Parafen Fascionil y Tribendazol<\/strong> <\/em>son antiparasitarios de amplio espectro con efecto nematocida y trematocida, indicados para el control y tratamiento de formas maduras e inmaduras de <em>F. hep\u00e1tica<\/em> adem\u00e1s de otros par\u00e1sitos gastrointestinales (<em>Haemonchus spp., Ostertagia spp., Trichostrongylus axei, Trichostrongylus spp., Cooperia spp., Nematodirus spp., Bunostomum spp., Oesophagostomum spp., Strongyloides spp.<\/em>), par\u00e1sitos pulmonares (<em>Dictyocaulus spp<\/em>.) y otras taenias (<em>Moniezia spp<\/em>.) para uso en bovinos y ovinos destinados al consumo.<\/p>\n\n\n\n<p><strong>Bibliograf\u00eda<\/strong><\/p>\n\n\n\n<p>Ibarra, V.F, Vera, M.Y., Hern\u00e1ndez, C.A. y Castillo, B.R. 1997. Eficacia fasciolicida del compuesto \u201calfa\u201d contra estadios juveniles y adultos en ovinos. Proyecto Fasciolasis, CENID-Parasitolog\u00eda\/ INIFAP\/SAGAR y Facultad de Qu\u00edmica UNAM. M\u00e9xico, D.F.<\/p>\n\n\n\n<p>Olaechea, F. 2007. Fasciola hep\u00e1tica en ovinos. Universidad Nacional de la Plata. Grupo Salud Animal-INTA Bariloche. Argentina.<\/p>\n","protected":false},"excerpt":{"rendered":"<p>La fasciolasis causada por el par\u00e1sito Fasciola hep\u00e1tica ocurre principalmente en el ganado ovino y bovino de todo el mundo (Ibarra et al., 1997). De todos los hospederos conocidos, los m\u00e1s importantes desde el punto de vista epidemiol\u00f3gico son estas dos especies, pero el desarrollo de la infestaci\u00f3n tiene marcadas diferencias entre ellos, en bovinos &hellip; <\/p>\n<p class=\"link-more\"><a href=\"https:\/\/www.experiencia.vet\/blog\/rumiantes\/impacto-economico-de-la-fasciola-hepatica-en-bovinos-y-ovinos\/\" class=\"more-link\">Continuar leyendo<span class=\"screen-reader-text\"> &#8220;Impacto econ\u00f3mico de la Fasciola hep\u00e1tica en bovinos y ovinos&#8221;<\/span><\/a><\/p>\n","protected":false},"author":2,"featured_media":0,"comment_status":"closed","ping_status":"closed","sticky":false,"template":"","format":"standard","meta":[],"categories":[168,8,23,169,9,7],"tags":[170,22,173,172,175,171],"yoast_head":"<!-- This site is optimized with the Yoast SEO plugin v17.7.1 - https:\/\/yoast.com\/wordpress\/plugins\/seo\/ -->\n<title>Impacto econ\u00f3mico de la Fasciola hep\u00e1tica en bovinos y ovinos - Experiencia Veterinaria<\/title>\n<meta name=\"robots\" content=\"index, follow, max-snippet:-1, max-image-preview:large, max-video-preview:-1\" \/>\n<link rel=\"canonical\" href=\"https:\/\/www.experiencia.vet\/blog\/rumiantes\/impacto-economico-de-la-fasciola-hepatica-en-bovinos-y-ovinos\/\" \/>\n<meta property=\"og:locale\" content=\"es_MX\" \/>\n<meta property=\"og:type\" content=\"article\" \/>\n<meta property=\"og:title\" content=\"Impacto econ\u00f3mico de la Fasciola hep\u00e1tica en bovinos y ovinos - Experiencia Veterinaria\" \/>\n<meta property=\"og:description\" content=\"La fasciolasis causada por el par\u00e1sito Fasciola hep\u00e1tica ocurre principalmente en el ganado ovino y bovino de todo el mundo (Ibarra et al., 1997). De todos los hospederos conocidos, los m\u00e1s importantes desde el punto de vista epidemiol\u00f3gico son estas dos especies, pero el desarrollo de la infestaci\u00f3n tiene marcadas diferencias entre ellos, en bovinos &hellip; Continuar leyendo &quot;Impacto econ\u00f3mico de la Fasciola hep\u00e1tica en bovinos y ovinos&quot;\" \/>\n<meta property=\"og:url\" content=\"https:\/\/www.experiencia.vet\/blog\/rumiantes\/impacto-economico-de-la-fasciola-hepatica-en-bovinos-y-ovinos\/\" \/>\n<meta property=\"og:site_name\" content=\"Experiencia Veterinaria\" \/>\n<meta property=\"article:published_time\" content=\"2021-07-16T21:21:53+00:00\" \/>\n<meta property=\"article:modified_time\" content=\"2021-07-29T22:34:34+00:00\" \/>\n<meta property=\"og:image\" content=\"https:\/\/www.experiencia.vet\/blog\/wp-content\/uploads\/2021\/07\/BLOG_TABLAFASCIOLA.png\" \/>\n<meta name=\"twitter:card\" content=\"summary_large_image\" \/>\n<meta name=\"twitter:label1\" content=\"Escrito por\" \/>\n\t<meta name=\"twitter:data1\" content=\"Marco Antonio Hernandez\" \/>\n\t<meta name=\"twitter:label2\" content=\"Tiempo de lectura\" \/>\n\t<meta name=\"twitter:data2\" content=\"5 minutos\" \/>\n<script type=\"application\/ld+json\" class=\"yoast-schema-graph\">{\"@context\":\"https:\/\/schema.org\",\"@graph\":[{\"@type\":\"WebSite\",\"@id\":\"https:\/\/www.experiencia.vet\/blog\/#website\",\"url\":\"https:\/\/www.experiencia.vet\/blog\/\",\"name\":\"Experiencia Veterinaria\",\"description\":\"Salud Animal\",\"potentialAction\":[{\"@type\":\"SearchAction\",\"target\":{\"@type\":\"EntryPoint\",\"urlTemplate\":\"https:\/\/www.experiencia.vet\/blog\/?s={search_term_string}\"},\"query-input\":\"required name=search_term_string\"}],\"inLanguage\":\"es-MX\"},{\"@type\":\"ImageObject\",\"@id\":\"https:\/\/www.experiencia.vet\/blog\/rumiantes\/impacto-economico-de-la-fasciola-hepatica-en-bovinos-y-ovinos\/#primaryimage\",\"inLanguage\":\"es-MX\",\"url\":\"https:\/\/www.experiencia.vet\/blog\/wp-content\/uploads\/2021\/07\/BLOG_TABLAFASCIOLA.png\",\"contentUrl\":\"https:\/\/www.experiencia.vet\/blog\/wp-content\/uploads\/2021\/07\/BLOG_TABLAFASCIOLA.png\",\"width\":698,\"height\":147},{\"@type\":\"WebPage\",\"@id\":\"https:\/\/www.experiencia.vet\/blog\/rumiantes\/impacto-economico-de-la-fasciola-hepatica-en-bovinos-y-ovinos\/#webpage\",\"url\":\"https:\/\/www.experiencia.vet\/blog\/rumiantes\/impacto-economico-de-la-fasciola-hepatica-en-bovinos-y-ovinos\/\",\"name\":\"Impacto econ\\u00f3mico de la Fasciola hep\\u00e1tica en bovinos y ovinos - Experiencia Veterinaria\",\"isPartOf\":{\"@id\":\"https:\/\/www.experiencia.vet\/blog\/#website\"},\"primaryImageOfPage\":{\"@id\":\"https:\/\/www.experiencia.vet\/blog\/rumiantes\/impacto-economico-de-la-fasciola-hepatica-en-bovinos-y-ovinos\/#primaryimage\"},\"datePublished\":\"2021-07-16T21:21:53+00:00\",\"dateModified\":\"2021-07-29T22:34:34+00:00\",\"author\":{\"@id\":\"https:\/\/www.experiencia.vet\/blog\/#\/schema\/person\/ba5372cc4ccbacf1314bf1ffb7fe60a0\"},\"breadcrumb\":{\"@id\":\"https:\/\/www.experiencia.vet\/blog\/rumiantes\/impacto-economico-de-la-fasciola-hepatica-en-bovinos-y-ovinos\/#breadcrumb\"},\"inLanguage\":\"es-MX\",\"potentialAction\":[{\"@type\":\"ReadAction\",\"target\":[\"https:\/\/www.experiencia.vet\/blog\/rumiantes\/impacto-economico-de-la-fasciola-hepatica-en-bovinos-y-ovinos\/\"]}]},{\"@type\":\"BreadcrumbList\",\"@id\":\"https:\/\/www.experiencia.vet\/blog\/rumiantes\/impacto-economico-de-la-fasciola-hepatica-en-bovinos-y-ovinos\/#breadcrumb\",\"itemListElement\":[{\"@type\":\"ListItem\",\"position\":1,\"name\":\"Inicio\",\"item\":\"https:\/\/www.experiencia.vet\/blog\/\"},{\"@type\":\"ListItem\",\"position\":2,\"name\":\"Impacto econ\\u00f3mico de la Fasciola hep\\u00e1tica en bovinos y ovinos\"}]},{\"@type\":\"Person\",\"@id\":\"https:\/\/www.experiencia.vet\/blog\/#\/schema\/person\/ba5372cc4ccbacf1314bf1ffb7fe60a0\",\"name\":\"Marco Antonio Hernandez\",\"image\":{\"@type\":\"ImageObject\",\"@id\":\"https:\/\/www.experiencia.vet\/blog\/#personlogo\",\"inLanguage\":\"es-MX\",\"url\":\"https:\/\/secure.gravatar.com\/avatar\/766fa8cf78f2b311f2e52267c75e56fc?s=96&r=g\",\"contentUrl\":\"https:\/\/secure.gravatar.com\/avatar\/766fa8cf78f2b311f2e52267c75e56fc?s=96&r=g\",\"caption\":\"Marco Antonio Hernandez\"},\"url\":\"https:\/\/www.experiencia.vet\/blog\/author\/marco\/\"}]}<\/script>\n<!-- \/ Yoast SEO plugin. -->","yoast_head_json":{"title":"Impacto econ\u00f3mico de la Fasciola hep\u00e1tica en bovinos y ovinos - Experiencia Veterinaria","robots":{"index":"index","follow":"follow","max-snippet":"max-snippet:-1","max-image-preview":"max-image-preview:large","max-video-preview":"max-video-preview:-1"},"canonical":"https:\/\/www.experiencia.vet\/blog\/rumiantes\/impacto-economico-de-la-fasciola-hepatica-en-bovinos-y-ovinos\/","og_locale":"es_MX","og_type":"article","og_title":"Impacto econ\u00f3mico de la Fasciola hep\u00e1tica en bovinos y ovinos - Experiencia Veterinaria","og_description":"La fasciolasis causada por el par\u00e1sito Fasciola hep\u00e1tica ocurre principalmente en el ganado ovino y bovino de todo el mundo (Ibarra et al., 1997). De todos los hospederos conocidos, los m\u00e1s importantes desde el punto de vista epidemiol\u00f3gico son estas dos especies, pero el desarrollo de la infestaci\u00f3n tiene marcadas diferencias entre ellos, en bovinos &hellip; Continuar leyendo \"Impacto econ\u00f3mico de la Fasciola hep\u00e1tica en bovinos y ovinos\"","og_url":"https:\/\/www.experiencia.vet\/blog\/rumiantes\/impacto-economico-de-la-fasciola-hepatica-en-bovinos-y-ovinos\/","og_site_name":"Experiencia Veterinaria","article_published_time":"2021-07-16T21:21:53+00:00","article_modified_time":"2021-07-29T22:34:34+00:00","og_image":[{"url":"https:\/\/www.experiencia.vet\/blog\/wp-content\/uploads\/2021\/07\/BLOG_TABLAFASCIOLA.png"}],"twitter_card":"summary_large_image","twitter_misc":{"Escrito por":"Marco Antonio Hernandez","Tiempo de lectura":"5 minutos"},"schema":{"@context":"https:\/\/schema.org","@graph":[{"@type":"WebSite","@id":"https:\/\/www.experiencia.vet\/blog\/#website","url":"https:\/\/www.experiencia.vet\/blog\/","name":"Experiencia Veterinaria","description":"Salud Animal","potentialAction":[{"@type":"SearchAction","target":{"@type":"EntryPoint","urlTemplate":"https:\/\/www.experiencia.vet\/blog\/?s={search_term_string}"},"query-input":"required name=search_term_string"}],"inLanguage":"es-MX"},{"@type":"ImageObject","@id":"https:\/\/www.experiencia.vet\/blog\/rumiantes\/impacto-economico-de-la-fasciola-hepatica-en-bovinos-y-ovinos\/#primaryimage","inLanguage":"es-MX","url":"https:\/\/www.experiencia.vet\/blog\/wp-content\/uploads\/2021\/07\/BLOG_TABLAFASCIOLA.png","contentUrl":"https:\/\/www.experiencia.vet\/blog\/wp-content\/uploads\/2021\/07\/BLOG_TABLAFASCIOLA.png","width":698,"height":147},{"@type":"WebPage","@id":"https:\/\/www.experiencia.vet\/blog\/rumiantes\/impacto-economico-de-la-fasciola-hepatica-en-bovinos-y-ovinos\/#webpage","url":"https:\/\/www.experiencia.vet\/blog\/rumiantes\/impacto-economico-de-la-fasciola-hepatica-en-bovinos-y-ovinos\/","name":"Impacto econ\u00f3mico de la Fasciola hep\u00e1tica en bovinos y ovinos - Experiencia Veterinaria","isPartOf":{"@id":"https:\/\/www.experiencia.vet\/blog\/#website"},"primaryImageOfPage":{"@id":"https:\/\/www.experiencia.vet\/blog\/rumiantes\/impacto-economico-de-la-fasciola-hepatica-en-bovinos-y-ovinos\/#primaryimage"},"datePublished":"2021-07-16T21:21:53+00:00","dateModified":"2021-07-29T22:34:34+00:00","author":{"@id":"https:\/\/www.experiencia.vet\/blog\/#\/schema\/person\/ba5372cc4ccbacf1314bf1ffb7fe60a0"},"breadcrumb":{"@id":"https:\/\/www.experiencia.vet\/blog\/rumiantes\/impacto-economico-de-la-fasciola-hepatica-en-bovinos-y-ovinos\/#breadcrumb"},"inLanguage":"es-MX","potentialAction":[{"@type":"ReadAction","target":["https:\/\/www.experiencia.vet\/blog\/rumiantes\/impacto-economico-de-la-fasciola-hepatica-en-bovinos-y-ovinos\/"]}]},{"@type":"BreadcrumbList","@id":"https:\/\/www.experiencia.vet\/blog\/rumiantes\/impacto-economico-de-la-fasciola-hepatica-en-bovinos-y-ovinos\/#breadcrumb","itemListElement":[{"@type":"ListItem","position":1,"name":"Inicio","item":"https:\/\/www.experiencia.vet\/blog\/"},{"@type":"ListItem","position":2,"name":"Impacto econ\u00f3mico de la Fasciola hep\u00e1tica en bovinos y ovinos"}]},{"@type":"Person","@id":"https:\/\/www.experiencia.vet\/blog\/#\/schema\/person\/ba5372cc4ccbacf1314bf1ffb7fe60a0","name":"Marco Antonio Hernandez","image":{"@type":"ImageObject","@id":"https:\/\/www.experiencia.vet\/blog\/#personlogo","inLanguage":"es-MX","url":"https:\/\/secure.gravatar.com\/avatar\/766fa8cf78f2b311f2e52267c75e56fc?s=96&r=g","contentUrl":"https:\/\/secure.gravatar.com\/avatar\/766fa8cf78f2b311f2e52267c75e56fc?s=96&r=g","caption":"Marco Antonio Hernandez"},"url":"https:\/\/www.experiencia.vet\/blog\/author\/marco\/"}]}},"_links":{"self":[{"href":"https:\/\/www.experiencia.vet\/blog\/wp-json\/wp\/v2\/posts\/326"}],"collection":[{"href":"https:\/\/www.experiencia.vet\/blog\/wp-json\/wp\/v2\/posts"}],"about":[{"href":"https:\/\/www.experiencia.vet\/blog\/wp-json\/wp\/v2\/types\/post"}],"author":[{"embeddable":true,"href":"https:\/\/www.experiencia.vet\/blog\/wp-json\/wp\/v2\/users\/2"}],"replies":[{"embeddable":true,"href":"https:\/\/www.experiencia.vet\/blog\/wp-json\/wp\/v2\/comments?post=326"}],"version-history":[{"count":6,"href":"https:\/\/www.experiencia.vet\/blog\/wp-json\/wp\/v2\/posts\/326\/revisions"}],"predecessor-version":[{"id":368,"href":"https:\/\/www.experiencia.vet\/blog\/wp-json\/wp\/v2\/posts\/326\/revisions\/368"}],"wp:attachment":[{"href":"https:\/\/www.experiencia.vet\/blog\/wp-json\/wp\/v2\/media?parent=326"}],"wp:term":[{"taxonomy":"category","embeddable":true,"href":"https:\/\/www.experiencia.vet\/blog\/wp-json\/wp\/v2\/categories?post=326"},{"taxonomy":"post_tag","embeddable":true,"href":"https:\/\/www.experiencia.vet\/blog\/wp-json\/wp\/v2\/tags?post=326"}],"curies":[{"name":"wp","href":"https:\/\/api.w.org\/{rel}","templated":true}]}}