{"id":83,"date":"2021-09-07T17:29:36","date_gmt":"2021-09-07T17:29:36","guid":{"rendered":"http:\/\/www.experiencia.vet\/blog\/?p=83"},"modified":"2021-09-07T17:31:19","modified_gmt":"2021-09-07T17:31:19","slug":"la-vaca-al-secado","status":"publish","type":"post","link":"https:\/\/www.experiencia.vet\/blog\/uncategorized\/la-vaca-al-secado\/","title":{"rendered":"La vaca al secado"},"content":{"rendered":"\n<p class=\"has-text-align-left has-normal-font-size\">El ciclo productivo de las vacas comprende los eventos y sucesos que pasan entre parto y parto. Incluye cuatro per\u00edodos bien definidos:<\/p>\n\n\n\n<p class=\"has-primary-color has-text-color has-normal-font-size\"><strong>1) Per\u00edodo vac\u00edo<\/strong><\/p>\n\n\n\n<p class=\"has-secondary-color has-text-color has-normal-font-size\"><strong>2) Gestaci\u00f3n<\/strong><\/p>\n\n\n\n<p class=\"has-primary-color has-text-color has-normal-font-size\"><strong>3) Lactancia<\/strong><\/p>\n\n\n\n<p class=\"has-secondary-color has-text-color has-normal-font-size\"><strong>4) Per\u00edodo seco<\/strong><\/p>\n\n\n\n<p class=\"has-normal-font-size\">Evidentemente estos cuatro per\u00edodos no ocurren en forma unilateral, as\u00ed, por ejemplo, el <strong>per\u00edodo de lactancia<\/strong> y el <strong>per\u00edodo vac\u00edo<\/strong> se inician inmediatamente despu\u00e9s del parto, mientras que el <strong>per\u00edodo de gestaci\u00f3n<\/strong> se inicia a partir de la concepci\u00f3n, momento cuando finaliza el per\u00edodo vac\u00edo, mientras que el per\u00edodo seco se inicia con el final de la lactancia y se extiende hasta el final de la gestaci\u00f3n cuando ocurre el siguiente parto.<\/p>\n\n\n\n<figure class=\"wp-block-image is-resized\"><img loading=\"lazy\" src=\"http:\/\/www.experiencia.vet\/blog\/wp-content\/uploads\/2020\/04\/cow-1331653_1920-1024x683.jpg\" alt=\"\" class=\"wp-image-125\" width=\"841\" height=\"560\" srcset=\"https:\/\/www.experiencia.vet\/blog\/wp-content\/uploads\/2020\/04\/cow-1331653_1920-1024x683.jpg 1024w, https:\/\/www.experiencia.vet\/blog\/wp-content\/uploads\/2020\/04\/cow-1331653_1920-300x200.jpg 300w, https:\/\/www.experiencia.vet\/blog\/wp-content\/uploads\/2020\/04\/cow-1331653_1920-768x512.jpg 768w, https:\/\/www.experiencia.vet\/blog\/wp-content\/uploads\/2020\/04\/cow-1331653_1920-1568x1045.jpg 1568w, https:\/\/www.experiencia.vet\/blog\/wp-content\/uploads\/2020\/04\/cow-1331653_1920.jpg 1920w\" sizes=\"(max-width: 841px) 100vw, 841px\" \/><\/figure>\n\n\n\n<p class=\"has-normal-font-size\">La <strong>reproducci\u00f3n<\/strong> es un factor vital para una buena eficiencia en los centros de producci\u00f3n lechera y c\u00e1rnica de ganado bovino. La m\u00e1xima eficiencia productiva en estas producciones se obtiene cuando se logra un intervalo entre partos (IEP <em>Intervalo Entre Partos<\/em>) de 365 d\u00edas; sin embargo, para satisfacer esta meta, la gestaci\u00f3n debe ocurrir antes de los 80 d\u00edas despu\u00e9s del parto. Este per\u00edodo es econ\u00f3micamente el m\u00e1s importante para cualquier productor, ya que en la \u00faltima instancia es el que determina la duraci\u00f3n del IEP.<\/p>\n\n\n\n<p class=\"has-normal-font-size\">El per\u00edodo que transcurre entre el parto y la nueva concepci\u00f3n representa la mejor opci\u00f3n para reducir el IEP. Este per\u00edodo est\u00e1 a su vez determinado por el tiempo que transcurre entre el parto y la primera inseminaci\u00f3n y por el per\u00edodo entre la primera inseminaci\u00f3n y la concepci\u00f3n. La duraci\u00f3n del per\u00edodo parto &#8211; primera inseminaci\u00f3n est\u00e1 en funci\u00f3n de la capacidad de la vaca para reestablecer los ciclos estrales normales despu\u00e9s del parto, por la manifestaci\u00f3n externa del <em>estro<\/em> y la habilidad del productor para detectarlo.<\/p>\n\n\n\n<p class=\"has-large-font-size\"><strong>Secado<\/strong><\/p>\n\n\n\n<p class=\"has-normal-font-size\">El per\u00edodo seco es una fase de reposo entre lactancias y un estad\u00edo de bajos requerimientos nutricionales para la vaca, pero tiene una importancia cr\u00edtica para el comportamiento productivo y reproductivo en la siguiente lactancia. El <strong>per\u00edodo seco<\/strong> permite la regeneraci\u00f3n del tejido mamario, para favorecer el reinicio de la siguiente lactancia y la recuperaci\u00f3n de las reservas corporales. El cese del orde\u00f1o y\/o destete del becerro marcan el comienzo del per\u00edodo seco y dan lugar a la reabsorci\u00f3n de la leche no secretada, a la vez que una r\u00e1pida p\u00e9rdida de c\u00e9lulas epiteliales secretorias de la gl\u00e1ndula mamaria. Este proceso, generalmente es completado en 14 d\u00edas y est\u00e1 asociado con la mayor susceptibilidad de la gl\u00e1ndula mamaria para contraer infecciones, aunque una vez que la gl\u00e1ndula se estabiliza en el estado secretorio, los mecanismos de defensa naturales (celulares, humorales y enzim\u00e1ticos) son estimulados reduciendo con ello la susceptibilidad a nuevas infecciones.<\/p>\n\n\n\n<p class=\"has-normal-font-size\">El <strong>periodo seco<\/strong> induce la regresi\u00f3n de las c\u00e9lulas epiteliales a un estado que es menos diferenciado, pero en el cual esas c\u00e9lulas sobreviven y permanecen unidas a la membrana basal; de igual manera, el alveolo propiamente dicho permanece intacto, pero sufre una extensa remodelaci\u00f3n de la regi\u00f3n apical de las c\u00e9lulas epiteliales, donde las ves\u00edculas secretorias como maquinarias secretorias de las c\u00e9lulas son degradadas.<\/p>\n\n\n\n<p class=\"has-large-font-size\"><strong>\u00bfCu\u00e1ndo secar a la vaca?<\/strong><\/p>\n\n\n\n<p class=\"has-normal-font-size\">El secado debe realizarse a todas las vacas en lactancia, diagnosticadas gestantes, cuando alcanzan un per\u00edodo de <strong>7 meses de gestaci\u00f3n o 60 d\u00edas <\/strong>antes de parir con <strong>un rango entre 45 y 70 d\u00edas<\/strong>. Los registros constituyen un apoyo fundamental para determinar la fecha de secado.<\/p>\n\n\n\n<p class=\"has-normal-font-size\">El <strong>per\u00edodo seco<\/strong> debe ser visto como un <strong>per\u00edodo de preparaci\u00f3n<\/strong> para asegurar la salud de las vacas y una mayor producci\u00f3n de leche durante la lactancia subsiguiente, a la vez estimula un r\u00e1pido retorno a los ciclos estrales y a una optimizaci\u00f3n de la fertilidad.<\/p>\n\n\n\n<figure class=\"wp-block-image is-resized\"><img loading=\"lazy\" src=\"http:\/\/www.experiencia.vet\/blog\/wp-content\/uploads\/2020\/04\/ohio-114092_1920-1024x683.jpg\" alt=\"\" class=\"wp-image-126\" width=\"817\" height=\"544\" srcset=\"https:\/\/www.experiencia.vet\/blog\/wp-content\/uploads\/2020\/04\/ohio-114092_1920-1024x683.jpg 1024w, https:\/\/www.experiencia.vet\/blog\/wp-content\/uploads\/2020\/04\/ohio-114092_1920-300x200.jpg 300w, https:\/\/www.experiencia.vet\/blog\/wp-content\/uploads\/2020\/04\/ohio-114092_1920-768x512.jpg 768w, https:\/\/www.experiencia.vet\/blog\/wp-content\/uploads\/2020\/04\/ohio-114092_1920-1568x1045.jpg 1568w, https:\/\/www.experiencia.vet\/blog\/wp-content\/uploads\/2020\/04\/ohio-114092_1920.jpg 1920w\" sizes=\"(max-width: 817px) 100vw, 817px\" \/><\/figure>\n\n\n\n<p><\/p>\n","protected":false},"excerpt":{"rendered":"<p>El ciclo productivo de las vacas comprende los eventos y sucesos que pasan entre parto y parto. Incluye cuatro per\u00edodos bien definidos: 1) Per\u00edodo vac\u00edo 2) Gestaci\u00f3n 3) Lactancia 4) Per\u00edodo seco Evidentemente estos cuatro per\u00edodos no ocurren en forma unilateral, as\u00ed, por ejemplo, el per\u00edodo de lactancia y el per\u00edodo vac\u00edo se inician inmediatamente &hellip; <\/p>\n<p class=\"link-more\"><a href=\"https:\/\/www.experiencia.vet\/blog\/uncategorized\/la-vaca-al-secado\/\" class=\"more-link\">Continuar leyendo<span class=\"screen-reader-text\"> &#8220;La vaca al secado&#8221;<\/span><\/a><\/p>\n","protected":false},"author":1,"featured_media":0,"comment_status":"closed","ping_status":"closed","sticky":false,"template":"","format":"standard","meta":[],"categories":[168,23,7,1],"tags":[103,6,191,193,178,195,37,190,43,194,196,131,192,177,90,189,39,67],"yoast_head":"<!-- This site is optimized with the Yoast SEO plugin v17.7.1 - https:\/\/yoast.com\/wordpress\/plugins\/seo\/ -->\n<title>La vaca al secado - Experiencia Veterinaria<\/title>\n<meta name=\"robots\" content=\"index, follow, max-snippet:-1, max-image-preview:large, max-video-preview:-1\" \/>\n<link rel=\"canonical\" href=\"https:\/\/www.experiencia.vet\/blog\/uncategorized\/la-vaca-al-secado\/\" \/>\n<meta property=\"og:locale\" content=\"es_MX\" \/>\n<meta property=\"og:type\" content=\"article\" \/>\n<meta property=\"og:title\" content=\"La vaca al secado - Experiencia Veterinaria\" \/>\n<meta property=\"og:description\" content=\"El ciclo productivo de las vacas comprende los eventos y sucesos que pasan entre parto y parto. Incluye cuatro per\u00edodos bien definidos: 1) Per\u00edodo vac\u00edo 2) Gestaci\u00f3n 3) Lactancia 4) Per\u00edodo seco Evidentemente estos cuatro per\u00edodos no ocurren en forma unilateral, as\u00ed, por ejemplo, el per\u00edodo de lactancia y el per\u00edodo vac\u00edo se inician inmediatamente &hellip; Continuar leyendo &quot;La vaca al secado&quot;\" \/>\n<meta property=\"og:url\" content=\"https:\/\/www.experiencia.vet\/blog\/uncategorized\/la-vaca-al-secado\/\" \/>\n<meta property=\"og:site_name\" content=\"Experiencia Veterinaria\" \/>\n<meta property=\"article:published_time\" content=\"2021-09-07T17:29:36+00:00\" \/>\n<meta property=\"article:modified_time\" content=\"2021-09-07T17:31:19+00:00\" \/>\n<meta property=\"og:image\" content=\"http:\/\/www.experiencia.vet\/blog\/wp-content\/uploads\/2020\/04\/cow-1331653_1920-1024x683.jpg\" \/>\n<meta name=\"twitter:card\" content=\"summary_large_image\" \/>\n<meta name=\"twitter:label1\" content=\"Escrito por\" \/>\n\t<meta name=\"twitter:data1\" content=\"admin\" \/>\n\t<meta name=\"twitter:label2\" content=\"Tiempo de lectura\" \/>\n\t<meta name=\"twitter:data2\" content=\"3 minutos\" \/>\n<script type=\"application\/ld+json\" class=\"yoast-schema-graph\">{\"@context\":\"https:\/\/schema.org\",\"@graph\":[{\"@type\":\"WebSite\",\"@id\":\"https:\/\/www.experiencia.vet\/blog\/#website\",\"url\":\"https:\/\/www.experiencia.vet\/blog\/\",\"name\":\"Experiencia Veterinaria\",\"description\":\"Salud Animal\",\"potentialAction\":[{\"@type\":\"SearchAction\",\"target\":{\"@type\":\"EntryPoint\",\"urlTemplate\":\"https:\/\/www.experiencia.vet\/blog\/?s={search_term_string}\"},\"query-input\":\"required name=search_term_string\"}],\"inLanguage\":\"es-MX\"},{\"@type\":\"ImageObject\",\"@id\":\"https:\/\/www.experiencia.vet\/blog\/uncategorized\/la-vaca-al-secado\/#primaryimage\",\"inLanguage\":\"es-MX\",\"url\":\"http:\/\/www.experiencia.vet\/blog\/wp-content\/uploads\/2020\/04\/cow-1331653_1920-1024x683.jpg\",\"contentUrl\":\"http:\/\/www.experiencia.vet\/blog\/wp-content\/uploads\/2020\/04\/cow-1331653_1920-1024x683.jpg\"},{\"@type\":\"WebPage\",\"@id\":\"https:\/\/www.experiencia.vet\/blog\/uncategorized\/la-vaca-al-secado\/#webpage\",\"url\":\"https:\/\/www.experiencia.vet\/blog\/uncategorized\/la-vaca-al-secado\/\",\"name\":\"La vaca al secado - Experiencia Veterinaria\",\"isPartOf\":{\"@id\":\"https:\/\/www.experiencia.vet\/blog\/#website\"},\"primaryImageOfPage\":{\"@id\":\"https:\/\/www.experiencia.vet\/blog\/uncategorized\/la-vaca-al-secado\/#primaryimage\"},\"datePublished\":\"2021-09-07T17:29:36+00:00\",\"dateModified\":\"2021-09-07T17:31:19+00:00\",\"author\":{\"@id\":\"https:\/\/www.experiencia.vet\/blog\/#\/schema\/person\/4a43c74e3dc9a07bc51fee056a8a276a\"},\"breadcrumb\":{\"@id\":\"https:\/\/www.experiencia.vet\/blog\/uncategorized\/la-vaca-al-secado\/#breadcrumb\"},\"inLanguage\":\"es-MX\",\"potentialAction\":[{\"@type\":\"ReadAction\",\"target\":[\"https:\/\/www.experiencia.vet\/blog\/uncategorized\/la-vaca-al-secado\/\"]}]},{\"@type\":\"BreadcrumbList\",\"@id\":\"https:\/\/www.experiencia.vet\/blog\/uncategorized\/la-vaca-al-secado\/#breadcrumb\",\"itemListElement\":[{\"@type\":\"ListItem\",\"position\":1,\"name\":\"Inicio\",\"item\":\"https:\/\/www.experiencia.vet\/blog\/\"},{\"@type\":\"ListItem\",\"position\":2,\"name\":\"La vaca al secado\"}]},{\"@type\":\"Person\",\"@id\":\"https:\/\/www.experiencia.vet\/blog\/#\/schema\/person\/4a43c74e3dc9a07bc51fee056a8a276a\",\"name\":\"admin\",\"image\":{\"@type\":\"ImageObject\",\"@id\":\"https:\/\/www.experiencia.vet\/blog\/#personlogo\",\"inLanguage\":\"es-MX\",\"url\":\"https:\/\/secure.gravatar.com\/avatar\/c5e89d2971e6bf3598a79ce870c646ff?s=96&r=g\",\"contentUrl\":\"https:\/\/secure.gravatar.com\/avatar\/c5e89d2971e6bf3598a79ce870c646ff?s=96&r=g\",\"caption\":\"admin\"},\"url\":\"https:\/\/www.experiencia.vet\/blog\/author\/admin\/\"}]}<\/script>\n<!-- \/ Yoast SEO plugin. -->","yoast_head_json":{"title":"La vaca al secado - Experiencia Veterinaria","robots":{"index":"index","follow":"follow","max-snippet":"max-snippet:-1","max-image-preview":"max-image-preview:large","max-video-preview":"max-video-preview:-1"},"canonical":"https:\/\/www.experiencia.vet\/blog\/uncategorized\/la-vaca-al-secado\/","og_locale":"es_MX","og_type":"article","og_title":"La vaca al secado - Experiencia Veterinaria","og_description":"El ciclo productivo de las vacas comprende los eventos y sucesos que pasan entre parto y parto. Incluye cuatro per\u00edodos bien definidos: 1) Per\u00edodo vac\u00edo 2) Gestaci\u00f3n 3) Lactancia 4) Per\u00edodo seco Evidentemente estos cuatro per\u00edodos no ocurren en forma unilateral, as\u00ed, por ejemplo, el per\u00edodo de lactancia y el per\u00edodo vac\u00edo se inician inmediatamente &hellip; Continuar leyendo \"La vaca al secado\"","og_url":"https:\/\/www.experiencia.vet\/blog\/uncategorized\/la-vaca-al-secado\/","og_site_name":"Experiencia Veterinaria","article_published_time":"2021-09-07T17:29:36+00:00","article_modified_time":"2021-09-07T17:31:19+00:00","og_image":[{"url":"http:\/\/www.experiencia.vet\/blog\/wp-content\/uploads\/2020\/04\/cow-1331653_1920-1024x683.jpg"}],"twitter_card":"summary_large_image","twitter_misc":{"Escrito por":"admin","Tiempo de lectura":"3 minutos"},"schema":{"@context":"https:\/\/schema.org","@graph":[{"@type":"WebSite","@id":"https:\/\/www.experiencia.vet\/blog\/#website","url":"https:\/\/www.experiencia.vet\/blog\/","name":"Experiencia Veterinaria","description":"Salud Animal","potentialAction":[{"@type":"SearchAction","target":{"@type":"EntryPoint","urlTemplate":"https:\/\/www.experiencia.vet\/blog\/?s={search_term_string}"},"query-input":"required name=search_term_string"}],"inLanguage":"es-MX"},{"@type":"ImageObject","@id":"https:\/\/www.experiencia.vet\/blog\/uncategorized\/la-vaca-al-secado\/#primaryimage","inLanguage":"es-MX","url":"http:\/\/www.experiencia.vet\/blog\/wp-content\/uploads\/2020\/04\/cow-1331653_1920-1024x683.jpg","contentUrl":"http:\/\/www.experiencia.vet\/blog\/wp-content\/uploads\/2020\/04\/cow-1331653_1920-1024x683.jpg"},{"@type":"WebPage","@id":"https:\/\/www.experiencia.vet\/blog\/uncategorized\/la-vaca-al-secado\/#webpage","url":"https:\/\/www.experiencia.vet\/blog\/uncategorized\/la-vaca-al-secado\/","name":"La vaca al secado - Experiencia Veterinaria","isPartOf":{"@id":"https:\/\/www.experiencia.vet\/blog\/#website"},"primaryImageOfPage":{"@id":"https:\/\/www.experiencia.vet\/blog\/uncategorized\/la-vaca-al-secado\/#primaryimage"},"datePublished":"2021-09-07T17:29:36+00:00","dateModified":"2021-09-07T17:31:19+00:00","author":{"@id":"https:\/\/www.experiencia.vet\/blog\/#\/schema\/person\/4a43c74e3dc9a07bc51fee056a8a276a"},"breadcrumb":{"@id":"https:\/\/www.experiencia.vet\/blog\/uncategorized\/la-vaca-al-secado\/#breadcrumb"},"inLanguage":"es-MX","potentialAction":[{"@type":"ReadAction","target":["https:\/\/www.experiencia.vet\/blog\/uncategorized\/la-vaca-al-secado\/"]}]},{"@type":"BreadcrumbList","@id":"https:\/\/www.experiencia.vet\/blog\/uncategorized\/la-vaca-al-secado\/#breadcrumb","itemListElement":[{"@type":"ListItem","position":1,"name":"Inicio","item":"https:\/\/www.experiencia.vet\/blog\/"},{"@type":"ListItem","position":2,"name":"La vaca al secado"}]},{"@type":"Person","@id":"https:\/\/www.experiencia.vet\/blog\/#\/schema\/person\/4a43c74e3dc9a07bc51fee056a8a276a","name":"admin","image":{"@type":"ImageObject","@id":"https:\/\/www.experiencia.vet\/blog\/#personlogo","inLanguage":"es-MX","url":"https:\/\/secure.gravatar.com\/avatar\/c5e89d2971e6bf3598a79ce870c646ff?s=96&r=g","contentUrl":"https:\/\/secure.gravatar.com\/avatar\/c5e89d2971e6bf3598a79ce870c646ff?s=96&r=g","caption":"admin"},"url":"https:\/\/www.experiencia.vet\/blog\/author\/admin\/"}]}},"_links":{"self":[{"href":"https:\/\/www.experiencia.vet\/blog\/wp-json\/wp\/v2\/posts\/83"}],"collection":[{"href":"https:\/\/www.experiencia.vet\/blog\/wp-json\/wp\/v2\/posts"}],"about":[{"href":"https:\/\/www.experiencia.vet\/blog\/wp-json\/wp\/v2\/types\/post"}],"author":[{"embeddable":true,"href":"https:\/\/www.experiencia.vet\/blog\/wp-json\/wp\/v2\/users\/1"}],"replies":[{"embeddable":true,"href":"https:\/\/www.experiencia.vet\/blog\/wp-json\/wp\/v2\/comments?post=83"}],"version-history":[{"count":2,"href":"https:\/\/www.experiencia.vet\/blog\/wp-json\/wp\/v2\/posts\/83\/revisions"}],"predecessor-version":[{"id":410,"href":"https:\/\/www.experiencia.vet\/blog\/wp-json\/wp\/v2\/posts\/83\/revisions\/410"}],"wp:attachment":[{"href":"https:\/\/www.experiencia.vet\/blog\/wp-json\/wp\/v2\/media?parent=83"}],"wp:term":[{"taxonomy":"category","embeddable":true,"href":"https:\/\/www.experiencia.vet\/blog\/wp-json\/wp\/v2\/categories?post=83"},{"taxonomy":"post_tag","embeddable":true,"href":"https:\/\/www.experiencia.vet\/blog\/wp-json\/wp\/v2\/tags?post=83"}],"curies":[{"name":"wp","href":"https:\/\/api.w.org\/{rel}","templated":true}]}}